{"id":7673,"date":"2021-09-21T17:19:10","date_gmt":"2021-09-21T20:19:10","guid":{"rendered":"https:\/\/www.tribunanf.com.br\/blogdoralfereis\/?p=7673"},"modified":"2021-09-21T17:21:17","modified_gmt":"2021-09-21T20:21:17","slug":"tce-arquiva-denuncia-contra-pregao-do-kit-alimentacao-de-campos","status":"publish","type":"post","link":"https:\/\/www.tribunanf.com.br\/blogdoralfereis\/2021\/09\/21\/tce-arquiva-denuncia-contra-pregao-do-kit-alimentacao-de-campos\/","title":{"rendered":"TCE arquiva den\u00fancia contra Preg\u00e3o do Kit Alimenta\u00e7\u00e3o de Campos"},"content":{"rendered":"<p><img loading=\"lazy\" decoding=\"async\" class=\"aligncenter size-full wp-image-7127\" src=\"https:\/\/www.tribunanf.com.br\/blogdoralfereis\/wp-content\/uploads\/sites\/11\/2021\/06\/tce.jpg\" alt=\"\" width=\"768\" height=\"432\" srcset=\"https:\/\/www.tribunanf.com.br\/blogdoralfereis\/wp-content\/uploads\/sites\/11\/2021\/06\/tce.jpg 768w, https:\/\/www.tribunanf.com.br\/blogdoralfereis\/wp-content\/uploads\/sites\/11\/2021\/06\/tce-300x169.jpg 300w\" sizes=\"auto, (max-width: 768px) 100vw, 768px\" \/><\/p>\n<p style=\"text-align: justify;\">Por unanimidade, o Tribunal de Contas do Estado arquivou uma den\u00fancia contra o Preg\u00e3o do Kit Alimenta\u00e7\u00e3o de Campos realizada este ano pelo governo Wladimir.<\/p>\n<p style=\"text-align: justify;\">Conforme publicado no blog em junho (<a href=\"https:\/\/www.tribunanf.com.br\/blogdoralfereis\/2021\/06\/23\/tce-analisa-pedido-para-suspender-pregao-do-kit-merenda-de-campos\/\">aqui<\/a>), uma das concorrentes, a Horto Central de Marata\u00edzes, fez graves acusa\u00e7\u00f5es contra o Preg\u00e3o e a vencedora do certame, a empresa Comercial Milano do Brasil.<\/p>\n<p style=\"text-align: justify;\">A Horto Central alegou <em>&#8220;ind\u00edcios de fraude e direcionamento do procedimento licitat\u00f3rio, uma vez que as propostas apresentadas pela maioria das participantes seriam \u201cpropostas simb\u00f3licas\u201d ou \u201cfictas\u201d, apenas para aparentar que houve respeito ao princ\u00edpio da competitividade no certame, quando, na verdade, contam com condi\u00e7\u00f5es espec\u00edficas inaceit\u00e1veis que ensejariam a inabilita\u00e7\u00e3o ou desclassifica\u00e7\u00e3o daqueles supostos <\/em><em>interessados&#8221;<\/em>.<\/p>\n<p style=\"text-align: justify;\">A conselheira Andrea Siqueira Martins determinou o arquivamento da Representa\u00e7\u00e3o, acompanhada pelos demais conselheiros, por falta de provas consistentes ou ind\u00edcios minimamente fortes de fraude:<\/p>\n<p style=\"text-align: justify;\">&#8220;<em>Pelos motivos expostos, tendo em mente o intuito da exordial de tutelar interesse privado, a aus\u00eancia de provas consistentes ou ind\u00edcios minimamente fortes de fraude e a economicidade do contrato firmado, fatos estes que implicam no desatendimento a uma parcela dos requisitos de admissibilidade previstos na Delibera\u00e7\u00e3o TCE-RJ n\u00ba 266\/2016, filio-me, como adiantado, ao entendimento da inst\u00e2ncia t\u00e9cnica no sentido do n\u00e3o conhecimento da presente Representa\u00e7\u00e3o, bem como do indeferimento da tutela provis\u00f3ria requerida.<\/em>&#8220;, decidiu a conselheira.<\/p>\n<p style=\"text-align: justify;\">Decis\u00e3o na \u00edntegra: <strong><a href=\"https:\/\/www.tribunanf.com.br\/blogdoralfereis\/wp-content\/uploads\/sites\/11\/2021\/09\/TCE-Kit-alimentacao-.pdf\">TCE Kit alimenta\u00e7\u00e3o &#8211;<\/a><\/strong><\/p>\n","protected":false},"excerpt":{"rendered":"<p>Por unanimidade, o Tribunal de Contas do Estado arquivou uma den\u00fancia contra o Preg\u00e3o do Kit Alimenta\u00e7\u00e3o de Campos realizada&#8230;<\/p>\n","protected":false},"author":2,"featured_media":7127,"comment_status":"open","ping_status":"open","sticky":false,"template":"","format":"standard","meta":{"colormag_page_container_layout":"default_layout","colormag_page_sidebar_layout":"default_layout","jetpack_post_was_ever_published":false,"_jetpack_newsletter_access":"","_jetpack_dont_email_post_to_subs":false,"_jetpack_newsletter_tier_id":0,"_jetpack_memberships_contains_paywalled_content":false,"_jetpack_memberships_contains_paid_content":false,"footnotes":""},"categories":[2],"tags":[],"class_list":["post-7673","post","type-post","status-publish","format-standard","has-post-thumbnail","hentry","category-politica"],"jetpack_featured_media_url":"https:\/\/www.tribunanf.com.br\/blogdoralfereis\/wp-content\/uploads\/sites\/11\/2021\/06\/tce.jpg","jetpack_sharing_enabled":true,"_links":{"self":[{"href":"https:\/\/www.tribunanf.com.br\/blogdoralfereis\/wp-json\/wp\/v2\/posts\/7673","targetHints":{"allow":["GET"]}}],"collection":[{"href":"https:\/\/www.tribunanf.com.br\/blogdoralfereis\/wp-json\/wp\/v2\/posts"}],"about":[{"href":"https:\/\/www.tribunanf.com.br\/blogdoralfereis\/wp-json\/wp\/v2\/types\/post"}],"author":[{"embeddable":true,"href":"https:\/\/www.tribunanf.com.br\/blogdoralfereis\/wp-json\/wp\/v2\/users\/2"}],"replies":[{"embeddable":true,"href":"https:\/\/www.tribunanf.com.br\/blogdoralfereis\/wp-json\/wp\/v2\/comments?post=7673"}],"version-history":[{"count":0,"href":"https:\/\/www.tribunanf.com.br\/blogdoralfereis\/wp-json\/wp\/v2\/posts\/7673\/revisions"}],"wp:featuredmedia":[{"embeddable":true,"href":"https:\/\/www.tribunanf.com.br\/blogdoralfereis\/wp-json\/wp\/v2\/media\/7127"}],"wp:attachment":[{"href":"https:\/\/www.tribunanf.com.br\/blogdoralfereis\/wp-json\/wp\/v2\/media?parent=7673"}],"wp:term":[{"taxonomy":"category","embeddable":true,"href":"https:\/\/www.tribunanf.com.br\/blogdoralfereis\/wp-json\/wp\/v2\/categories?post=7673"},{"taxonomy":"post_tag","embeddable":true,"href":"https:\/\/www.tribunanf.com.br\/blogdoralfereis\/wp-json\/wp\/v2\/tags?post=7673"}],"curies":[{"name":"wp","href":"https:\/\/api.w.org\/{rel}","templated":true}]}}