{"id":7671,"date":"2021-09-21T16:11:06","date_gmt":"2021-09-21T19:11:06","guid":{"rendered":"https:\/\/www.tribunanf.com.br\/blogdoralfereis\/?p=7671"},"modified":"2021-09-21T16:11:06","modified_gmt":"2021-09-21T19:11:06","slug":"alerj-aprova-reajuste-retroativo-a-2017-a-servidores-do-estado-do-rio","status":"publish","type":"post","link":"https:\/\/www.tribunanf.com.br\/blogdoralfereis\/2021\/09\/21\/alerj-aprova-reajuste-retroativo-a-2017-a-servidores-do-estado-do-rio\/","title":{"rendered":"Alerj aprova reajuste retroativo a 2017 a servidores do Estado do Rio"},"content":{"rendered":"<p><img loading=\"lazy\" decoding=\"async\" class=\"aligncenter size-large wp-image-7595\" src=\"https:\/\/www.tribunanf.com.br\/blogdoralfereis\/wp-content\/uploads\/sites\/11\/2021\/09\/alerj-ceciliano-1024x638.jpg\" alt=\"\" width=\"800\" height=\"498\" \/><\/p>\n<p style=\"text-align: justify;\">Ap\u00f3s um novo acordo costurado entre o governo e o presidente da Assembleia Legislativa do Rio, Andr\u00e9 Ceciliano (PT), a Casa aprovou, nesta tarde, um substitutivo do projeto que prev\u00ea recomposi\u00e7\u00e3o salarial acumulada \u2014 com base no IPCA \u2014 entre setembro de 2017 e 31 de dezembro de 2021, com pagamento em tr\u00eas parcelas. O texto \u00e9 autorizativo: apenas permite que o Executivo conceda o reajuste retroativo, al\u00e9m das reposi\u00e7\u00f5es anuais a partir de 2022.<\/p>\n<p style=\"text-align: justify;\">A proposta inclui ainda um dispositivo que desobriga o Estado do Rio a cumprir a medida \u201cnas hip\u00f3teses de calamidade financeira declarada\u201d. Assim, o governo poder\u00e1 conceder a reposi\u00e7\u00e3o de acordo com a sua disponibilidade e capacidade de caixa.<\/p>\n<p style=\"text-align: justify;\">O texto estabelece as tr\u00eas parcelas do reajuste retroativo da seguinte forma: 50% do valor ser\u00e1 paga no primeiro bimestre de 2022, mais 25% no primeiro bimestre de 2023, e o restante (25%) no primeiro bimestre de 2024.<\/p>\n<p style=\"text-align: justify;\">De autoria de Ceciliano e Luiz Paulo (Cidadania) \u2014 e coautoria dos demais deputados \u2014, o novo texto foi aprovado mediante a costura de um acordo entre o Legislativo e o Executivo que envolveu a retirada de emendas pelos parlamentares.<\/p>\n<p style=\"text-align: justify;\">Segundo o presidente da Alerj, o projeto de lei alcan\u00e7a servidores p\u00fablicos de todos os Poderes e \u00f3rg\u00e3os aut\u00f4nomos do Estado do Rio.<\/p>\n<p style=\"text-align: justify;\">Fonte: Coluna Servidor, O Dia.<\/p>\n","protected":false},"excerpt":{"rendered":"<p>Ap\u00f3s um novo acordo costurado entre o governo e o presidente da Assembleia Legislativa do Rio, Andr\u00e9 Ceciliano (PT), a&#8230;<\/p>\n","protected":false},"author":2,"featured_media":7595,"comment_status":"open","ping_status":"open","sticky":false,"template":"","format":"standard","meta":{"colormag_page_container_layout":"default_layout","colormag_page_sidebar_layout":"default_layout","jetpack_post_was_ever_published":false,"_jetpack_newsletter_access":"","_jetpack_dont_email_post_to_subs":false,"_jetpack_newsletter_tier_id":0,"_jetpack_memberships_contains_paywalled_content":false,"_jetpack_memberships_contains_paid_content":false,"footnotes":""},"categories":[2],"tags":[],"class_list":["post-7671","post","type-post","status-publish","format-standard","has-post-thumbnail","hentry","category-politica"],"jetpack_featured_media_url":"https:\/\/www.tribunanf.com.br\/blogdoralfereis\/wp-content\/uploads\/sites\/11\/2021\/09\/alerj-ceciliano-e1631645803748.jpg","jetpack_sharing_enabled":true,"_links":{"self":[{"href":"https:\/\/www.tribunanf.com.br\/blogdoralfereis\/wp-json\/wp\/v2\/posts\/7671","targetHints":{"allow":["GET"]}}],"collection":[{"href":"https:\/\/www.tribunanf.com.br\/blogdoralfereis\/wp-json\/wp\/v2\/posts"}],"about":[{"href":"https:\/\/www.tribunanf.com.br\/blogdoralfereis\/wp-json\/wp\/v2\/types\/post"}],"author":[{"embeddable":true,"href":"https:\/\/www.tribunanf.com.br\/blogdoralfereis\/wp-json\/wp\/v2\/users\/2"}],"replies":[{"embeddable":true,"href":"https:\/\/www.tribunanf.com.br\/blogdoralfereis\/wp-json\/wp\/v2\/comments?post=7671"}],"version-history":[{"count":0,"href":"https:\/\/www.tribunanf.com.br\/blogdoralfereis\/wp-json\/wp\/v2\/posts\/7671\/revisions"}],"wp:featuredmedia":[{"embeddable":true,"href":"https:\/\/www.tribunanf.com.br\/blogdoralfereis\/wp-json\/wp\/v2\/media\/7595"}],"wp:attachment":[{"href":"https:\/\/www.tribunanf.com.br\/blogdoralfereis\/wp-json\/wp\/v2\/media?parent=7671"}],"wp:term":[{"taxonomy":"category","embeddable":true,"href":"https:\/\/www.tribunanf.com.br\/blogdoralfereis\/wp-json\/wp\/v2\/categories?post=7671"},{"taxonomy":"post_tag","embeddable":true,"href":"https:\/\/www.tribunanf.com.br\/blogdoralfereis\/wp-json\/wp\/v2\/tags?post=7671"}],"curies":[{"name":"wp","href":"https:\/\/api.w.org\/{rel}","templated":true}]}}