{"id":7619,"date":"2021-09-16T13:34:30","date_gmt":"2021-09-16T16:34:30","guid":{"rendered":"https:\/\/www.tribunanf.com.br\/blogdoralfereis\/?p=7619"},"modified":"2021-09-16T13:34:30","modified_gmt":"2021-09-16T16:34:30","slug":"parlamento-regional-tem-encontro-marcado","status":"publish","type":"post","link":"https:\/\/www.tribunanf.com.br\/blogdoralfereis\/2021\/09\/16\/parlamento-regional-tem-encontro-marcado\/","title":{"rendered":"Parlamento Regional tem encontro marcado"},"content":{"rendered":"<p><img loading=\"lazy\" decoding=\"async\" class=\"aligncenter size-large wp-image-7620\" src=\"https:\/\/www.tribunanf.com.br\/blogdoralfereis\/wp-content\/uploads\/sites\/11\/2021\/09\/Fabio-e-Elisio-CH_Easy-Resize.com_-1024x678.jpg\" alt=\"\" width=\"800\" height=\"530\" srcset=\"https:\/\/www.tribunanf.com.br\/blogdoralfereis\/wp-content\/uploads\/sites\/11\/2021\/09\/Fabio-e-Elisio-CH_Easy-Resize.com_-1024x678.jpg 1024w, https:\/\/www.tribunanf.com.br\/blogdoralfereis\/wp-content\/uploads\/sites\/11\/2021\/09\/Fabio-e-Elisio-CH_Easy-Resize.com_-300x199.jpg 300w, https:\/\/www.tribunanf.com.br\/blogdoralfereis\/wp-content\/uploads\/sites\/11\/2021\/09\/Fabio-e-Elisio-CH_Easy-Resize.com_-768x509.jpg 768w, https:\/\/www.tribunanf.com.br\/blogdoralfereis\/wp-content\/uploads\/sites\/11\/2021\/09\/Fabio-e-Elisio-CH_Easy-Resize.com_.jpg 1280w\" sizes=\"auto, (max-width: 800px) 100vw, 800px\" \/><\/p>\n<p style=\"text-align: justify;\">O presidente da C\u00e2mara Municipal de Campos dos Goytacazes, Fabio Ribeiro (PSD), recebeu, na manh\u00e3 desta quinta-feira (16), o presidente da C\u00e2mara Municipal de S\u00e3o Jo\u00e3o da Barra, El\u00edsio Rodrigues (PL). Os vereadores abordaram a retomada do Parlamento Regional.<\/p>\n<p style=\"text-align: justify;\">O vereador Leon Gomes (PDT) tamb\u00e9m participou do encontro e sugeriu a cria\u00e7\u00e3o de uma Frente Parlamentar de Apoio \u00e0 Pessoas com Defici\u00eancia. De acordo com Fabio Ribeiro, o Parlamento Regional vai se reunir no pr\u00f3ximo dia 24, \u00e0s 10h30, no plen\u00e1rio \u00c1lvaro Lopes Vidal. Foram convidados representantes das C\u00e2maras Municipais do Norte e Noroeste Fluminense.<\/p>\n","protected":false},"excerpt":{"rendered":"<p>O presidente da C\u00e2mara Municipal de Campos dos Goytacazes, Fabio Ribeiro (PSD), recebeu, na manh\u00e3 desta quinta-feira (16), o presidente&#8230;<\/p>\n","protected":false},"author":2,"featured_media":7620,"comment_status":"open","ping_status":"open","sticky":false,"template":"","format":"standard","meta":{"colormag_page_container_layout":"default_layout","colormag_page_sidebar_layout":"default_layout","jetpack_post_was_ever_published":false,"_jetpack_newsletter_access":"","_jetpack_dont_email_post_to_subs":false,"_jetpack_newsletter_tier_id":0,"_jetpack_memberships_contains_paywalled_content":false,"_jetpack_memberships_contains_paid_content":false,"footnotes":""},"categories":[2],"tags":[],"class_list":["post-7619","post","type-post","status-publish","format-standard","has-post-thumbnail","hentry","category-politica"],"jetpack_featured_media_url":"https:\/\/www.tribunanf.com.br\/blogdoralfereis\/wp-content\/uploads\/sites\/11\/2021\/09\/Fabio-e-Elisio-CH_Easy-Resize.com_.jpg","jetpack_sharing_enabled":true,"_links":{"self":[{"href":"https:\/\/www.tribunanf.com.br\/blogdoralfereis\/wp-json\/wp\/v2\/posts\/7619","targetHints":{"allow":["GET"]}}],"collection":[{"href":"https:\/\/www.tribunanf.com.br\/blogdoralfereis\/wp-json\/wp\/v2\/posts"}],"about":[{"href":"https:\/\/www.tribunanf.com.br\/blogdoralfereis\/wp-json\/wp\/v2\/types\/post"}],"author":[{"embeddable":true,"href":"https:\/\/www.tribunanf.com.br\/blogdoralfereis\/wp-json\/wp\/v2\/users\/2"}],"replies":[{"embeddable":true,"href":"https:\/\/www.tribunanf.com.br\/blogdoralfereis\/wp-json\/wp\/v2\/comments?post=7619"}],"version-history":[{"count":0,"href":"https:\/\/www.tribunanf.com.br\/blogdoralfereis\/wp-json\/wp\/v2\/posts\/7619\/revisions"}],"wp:featuredmedia":[{"embeddable":true,"href":"https:\/\/www.tribunanf.com.br\/blogdoralfereis\/wp-json\/wp\/v2\/media\/7620"}],"wp:attachment":[{"href":"https:\/\/www.tribunanf.com.br\/blogdoralfereis\/wp-json\/wp\/v2\/media?parent=7619"}],"wp:term":[{"taxonomy":"category","embeddable":true,"href":"https:\/\/www.tribunanf.com.br\/blogdoralfereis\/wp-json\/wp\/v2\/categories?post=7619"},{"taxonomy":"post_tag","embeddable":true,"href":"https:\/\/www.tribunanf.com.br\/blogdoralfereis\/wp-json\/wp\/v2\/tags?post=7619"}],"curies":[{"name":"wp","href":"https:\/\/api.w.org\/{rel}","templated":true}]}}