{"id":7614,"date":"2021-09-15T19:42:02","date_gmt":"2021-09-15T22:42:02","guid":{"rendered":"https:\/\/www.tribunanf.com.br\/blogdoralfereis\/?p=7614"},"modified":"2021-09-15T19:42:02","modified_gmt":"2021-09-15T22:42:02","slug":"ministro-do-stj-vota-para-negar-foro-privilegiado-a-claudio-castro","status":"publish","type":"post","link":"https:\/\/www.tribunanf.com.br\/blogdoralfereis\/2021\/09\/15\/ministro-do-stj-vota-para-negar-foro-privilegiado-a-claudio-castro\/","title":{"rendered":"Ministro do STJ vota para negar &#8216;foro privilegiado&#8217; a Cl\u00e1udio Castro"},"content":{"rendered":"<p><img loading=\"lazy\" decoding=\"async\" class=\"aligncenter size-large wp-image-4901\" src=\"https:\/\/www.tribunanf.com.br\/blogdoralfereis\/wp-content\/uploads\/sites\/11\/2020\/09\/claudio-castro-2-1024x615.jpg\" alt=\"\" width=\"800\" height=\"480\" srcset=\"https:\/\/www.tribunanf.com.br\/blogdoralfereis\/wp-content\/uploads\/sites\/11\/2020\/09\/claudio-castro-2-1024x615.jpg 1024w, https:\/\/www.tribunanf.com.br\/blogdoralfereis\/wp-content\/uploads\/sites\/11\/2020\/09\/claudio-castro-2-300x180.jpg 300w, https:\/\/www.tribunanf.com.br\/blogdoralfereis\/wp-content\/uploads\/sites\/11\/2020\/09\/claudio-castro-2-768x461.jpg 768w, https:\/\/www.tribunanf.com.br\/blogdoralfereis\/wp-content\/uploads\/sites\/11\/2020\/09\/claudio-castro-2.jpg 1086w\" sizes=\"auto, (max-width: 800px) 100vw, 800px\" \/><\/p>\n<p style=\"text-align: justify;\">O Superior Tribunal de Justi\u00e7a come\u00e7ou a definir, nesta quarta-feira (15\/9), se as investiga\u00e7\u00f5es contra o vice-governador do Rio de Janeiro, Cl\u00e1udio Castro, alvo em inqu\u00e9rito que apura os mesmos desvios na sa\u00fade que levaram ao afastamento e posterior impeachment de Wilson Witzel, devem tramitar com foro especial, agora que ele assumiu o cargo de governador.<\/p>\n<p style=\"text-align: justify;\">Castro consta do Inqu\u00e9rito 1.338, que levou \u00e0 den\u00fancia de Witzel por crimes de corrup\u00e7\u00e3o passiva majorada e lavagem de capitais majorada, al\u00e9m de forma\u00e7\u00e3o de quadrilha. Depois de virar r\u00e9u no STJ, ele sofreu impeachment por decis\u00e3o de um tribunal misto e perdeu o foro privilegiado. Relator, o ministro Benedito Gon\u00e7alves enviou todo o caso \u00e0 7\u00aa Vara Federal.<\/p>\n<p style=\"text-align: justify;\">Nessa decis\u00e3o, destacou que eventuais infra\u00e7\u00f5es penais praticadas por Cl\u00e1udio Castro ocorreram na condi\u00e7\u00e3o de vice-governador do Rio, o que n\u00e3o atrai a compet\u00eancia origin\u00e1ria do STJ prevista na Constitui\u00e7\u00e3o Federal.<\/p>\n<p style=\"text-align: justify;\">Conforme o pr\u00f3prio STJ, a compet\u00eancia para julgar vice-governador \u00e9 do Tribunal de Justi\u00e7a ou do Tribunal Regional Federal, desde que observada a regra fixada pelo Supremo Tribunal Federal na A\u00e7\u00e3o Penal 937: o foro especial s\u00f3 vale para parlamentar se os fatos imputados ocorrerem durante o mandato, em fun\u00e7\u00e3o do cargo.<\/p>\n<p style=\"text-align: justify;\">Essa regra foi estendida, pela Corte Especial, ao caso dos governadores e conselheiros de tribunal de contas, cuja compet\u00eancia para processamento \u00e9 origin\u00e1ria do STJ.<\/p>\n<p style=\"text-align: justify;\">Por conta disso, a defesa de Cl\u00e1udio Castro peticionou na A\u00e7\u00e3o Penal 973 \u2014 na qual n\u00e3o \u00e9 parte \u2014 sustentando a tese de que o inqu\u00e9rito, agora que \u00e9 governador, deve permanecer sob compet\u00eancia do STJ. Castro assumiu o cargo em 1\u00ba de maio de 2021.<\/p>\n<p style=\"text-align: justify;\">Nesta quarta, o ministro Benedito Gon\u00e7alves votou por negar o pedido.<\/p>\n<p style=\"text-align: justify;\">&#8220;Sendo o vice-governador investigado no STJ por infra\u00e7\u00f5es penais supostamente praticadas nessa condi\u00e7\u00e3o, por eventual conex\u00e3o com crimes em tese praticados pelo ent\u00e3o governador, a sua posterior assun\u00e7\u00e3o ao cargo de governador n\u00e3o firma compet\u00eancia desta corte&#8221;, afirmou.<\/p>\n<p style=\"text-align: justify;\">O julgamento foi interrompido por pedido de vista do ministro Luis Felipe Salom\u00e3o.<\/p>\n<p style=\"text-align: justify;\"><strong>Tema in\u00e9dito<\/strong><\/p>\n<p style=\"text-align: justify;\">Segundo o ministro Salom\u00e3o, a Corte Especial precisa preencher lacunas deixadas pela posi\u00e7\u00e3o do STF quanto \u00e0 incid\u00eancia do foro especial. Ele destacou que o caso de Castro tem uma peculiaridade: sua passagem de vice para governador levaria a uma diminui\u00e7\u00e3o do seu foro por prerrogativa de fun\u00e7\u00e3o. &#8220;N\u00e3o me parece um princ\u00edpio adequado&#8221;, disse.<\/p>\n<p style=\"text-align: justify;\">O tema \u00e9 in\u00e9dito no STJ. Ainda assim, em outras hip\u00f3teses a Corte Especial chegou a afastar a aplica\u00e7\u00e3o da tese do Supremo. Em dezembro de 2018, fixou que membro do Judici\u00e1rio ret\u00e9m prerrogativa de foro, mesmo quando processado por crime que n\u00e3o tem a ver com a fun\u00e7\u00e3o ou foi cometida em fun\u00e7\u00e3o dela.<\/p>\n<p style=\"text-align: justify;\">O caso era de um desembargador acusado de les\u00e3o corporal contra a pr\u00f3pria m\u00e3e e irm\u00e3. Aplicar a tese do Supremo faria com que ele fosse julgado por um juiz de primeiro grau subordinado ao tribunal no qual o r\u00e9u trabalha.<\/p>\n<p style=\"text-align: justify;\">Assim, a manuten\u00e7\u00e3o da prerrogativa de foro se justifica n\u00e3o s\u00f3 em fun\u00e7\u00e3o do acusado, mas principalmente para que o julgador possa reunir as condi\u00e7\u00f5es necess\u00e1rias ao desempenho de suas atividades judicantes de forma imparcial.<\/p>\n<p style=\"text-align: justify;\">Antes do pedido de vista, o voto do ministro Benedito Gon\u00e7alves destacou o envio do inqu\u00e9rito contra o vice-governador \u00e0 7\u00aa Vara Federal do RJ n\u00e3o impede que o juiz de primeira inst\u00e2ncia examine a pr\u00f3pria compet\u00eancia, inclusive com possibilidade de remeter o caso \u00e0 Se\u00e7\u00e3o especializada do Tribunal Regional Federal da 2\u00aa Regi\u00e3o ou ao \u00d3rg\u00e3o Especial do Tribunal de Justi\u00e7a do Rio de Janeiro, conforme a natureza do crime.<\/p>\n<p style=\"text-align: justify;\">Fonte: Conjur<\/p>\n","protected":false},"excerpt":{"rendered":"<p>O Superior Tribunal de Justi\u00e7a come\u00e7ou a definir, nesta quarta-feira (15\/9), se as investiga\u00e7\u00f5es contra o vice-governador do Rio de&#8230;<\/p>\n","protected":false},"author":2,"featured_media":4901,"comment_status":"open","ping_status":"open","sticky":false,"template":"","format":"standard","meta":{"colormag_page_container_layout":"default_layout","colormag_page_sidebar_layout":"default_layout","jetpack_post_was_ever_published":false,"_jetpack_newsletter_access":"","_jetpack_dont_email_post_to_subs":false,"_jetpack_newsletter_tier_id":0,"_jetpack_memberships_contains_paywalled_content":false,"_jetpack_memberships_contains_paid_content":false,"footnotes":""},"categories":[2],"tags":[],"class_list":["post-7614","post","type-post","status-publish","format-standard","has-post-thumbnail","hentry","category-politica"],"jetpack_featured_media_url":"https:\/\/www.tribunanf.com.br\/blogdoralfereis\/wp-content\/uploads\/sites\/11\/2020\/09\/claudio-castro-2.jpg","jetpack_sharing_enabled":true,"_links":{"self":[{"href":"https:\/\/www.tribunanf.com.br\/blogdoralfereis\/wp-json\/wp\/v2\/posts\/7614","targetHints":{"allow":["GET"]}}],"collection":[{"href":"https:\/\/www.tribunanf.com.br\/blogdoralfereis\/wp-json\/wp\/v2\/posts"}],"about":[{"href":"https:\/\/www.tribunanf.com.br\/blogdoralfereis\/wp-json\/wp\/v2\/types\/post"}],"author":[{"embeddable":true,"href":"https:\/\/www.tribunanf.com.br\/blogdoralfereis\/wp-json\/wp\/v2\/users\/2"}],"replies":[{"embeddable":true,"href":"https:\/\/www.tribunanf.com.br\/blogdoralfereis\/wp-json\/wp\/v2\/comments?post=7614"}],"version-history":[{"count":0,"href":"https:\/\/www.tribunanf.com.br\/blogdoralfereis\/wp-json\/wp\/v2\/posts\/7614\/revisions"}],"wp:featuredmedia":[{"embeddable":true,"href":"https:\/\/www.tribunanf.com.br\/blogdoralfereis\/wp-json\/wp\/v2\/media\/4901"}],"wp:attachment":[{"href":"https:\/\/www.tribunanf.com.br\/blogdoralfereis\/wp-json\/wp\/v2\/media?parent=7614"}],"wp:term":[{"taxonomy":"category","embeddable":true,"href":"https:\/\/www.tribunanf.com.br\/blogdoralfereis\/wp-json\/wp\/v2\/categories?post=7614"},{"taxonomy":"post_tag","embeddable":true,"href":"https:\/\/www.tribunanf.com.br\/blogdoralfereis\/wp-json\/wp\/v2\/tags?post=7614"}],"curies":[{"name":"wp","href":"https:\/\/api.w.org\/{rel}","templated":true}]}}