{"id":7609,"date":"2021-09-15T16:42:46","date_gmt":"2021-09-15T19:42:46","guid":{"rendered":"https:\/\/www.tribunanf.com.br\/blogdoralfereis\/?p=7609"},"modified":"2021-09-15T16:42:46","modified_gmt":"2021-09-15T19:42:46","slug":"tce-autoriza-celebracao-do-termo-de-ajuste-de-gestao-tag-de-campos","status":"publish","type":"post","link":"https:\/\/www.tribunanf.com.br\/blogdoralfereis\/2021\/09\/15\/tce-autoriza-celebracao-do-termo-de-ajuste-de-gestao-tag-de-campos\/","title":{"rendered":"TCE autoriza celebra\u00e7\u00e3o do Termo de Ajuste de Gest\u00e3o (TAG) de Campos"},"content":{"rendered":"<p><img loading=\"lazy\" decoding=\"async\" class=\"aligncenter size-full wp-image-5868\" src=\"https:\/\/www.tribunanf.com.br\/blogdoralfereis\/wp-content\/uploads\/sites\/11\/2021\/01\/wlad-1.jpg\" alt=\"\" width=\"808\" height=\"540\" srcset=\"https:\/\/www.tribunanf.com.br\/blogdoralfereis\/wp-content\/uploads\/sites\/11\/2021\/01\/wlad-1.jpg 808w, https:\/\/www.tribunanf.com.br\/blogdoralfereis\/wp-content\/uploads\/sites\/11\/2021\/01\/wlad-1-300x200.jpg 300w, https:\/\/www.tribunanf.com.br\/blogdoralfereis\/wp-content\/uploads\/sites\/11\/2021\/01\/wlad-1-768x513.jpg 768w\" sizes=\"auto, (max-width: 808px) 100vw, 808px\" \/><\/p>\n<p style=\"text-align: justify;\">O Tribunal de Contas do Estado autorizou, em sess\u00e3o na tarde desta quarta-feira (15), o Termo de Ajuste de Gest\u00e3o (TAG) na Prefeitura de Campos dos Goytacazes.<\/p>\n<p style=\"text-align: justify;\">A decis\u00e3o foi anunciada pelo prefeito Wladimir Garotinho, que comemorou nas redes sociais:<\/p>\n<p style=\"text-align: justify;\">&#8220;O TCE autorizou na tarde de hoje a celebra\u00e7\u00e3o do Termo de Ajuste de Gest\u00e3o (TAG). Nossa Campos \u00e9 o primeiro munic\u00edpio do RJ a conseguir tal medida, o que ser\u00e1 par\u00e2metro para todas as demais cidades. Parab\u00e9ns a Procuradoria Geral Municipal, o trabalho s\u00e9rio sempre gera resultados.&#8221;, disse Wladimir.<\/p>\n<p style=\"text-align: justify;\">O TAG s\u00f3 foi poss\u00edvel ap\u00f3s ajustes nas contas da prefeitura com apoio da C\u00e2mara Municipal. Ao assumir o governo, Wladimir encontrou as contas no limite da Lei de Responsabilidade Fiscal.<\/p>\n<blockquote class=\"twitter-tweet\" data-width=\"550\" data-dnt=\"true\">\n<p lang=\"pt\" dir=\"ltr\">O TCE autorizou na tarde de hoje a celebra\u00e7\u00e3o do Termo de Ajuste de Gest\u00e3o (TAG). Nossa Campos \u00e9 o primeiro munic\u00edpio do RJ a conseguir tal medida, o que ser\u00e1 par\u00e2metro para todas as demais cidades. Parab\u00e9ns a Procuradoria Geral Municipal, o trabalho s\u00e9rio sempre gera resultados.<\/p>\n<p>&mdash; Wladimir Garotinho (@WladGarotinho) <a href=\"https:\/\/twitter.com\/WladGarotinho\/status\/1438221536180252676?ref_src=twsrc%5Etfw\" target=\"_blank\" rel=\"noopener\">September 15, 2021<\/a><\/p><\/blockquote>\n<p><script async src=\"https:\/\/platform.twitter.com\/widgets.js\" charset=\"utf-8\"><\/script><\/p>\n","protected":false},"excerpt":{"rendered":"<p>O Tribunal de Contas do Estado autorizou, em sess\u00e3o na tarde desta quarta-feira (15), o Termo de Ajuste de Gest\u00e3o&#8230;<\/p>\n","protected":false},"author":2,"featured_media":5868,"comment_status":"open","ping_status":"open","sticky":false,"template":"","format":"standard","meta":{"colormag_page_container_layout":"default_layout","colormag_page_sidebar_layout":"default_layout","jetpack_post_was_ever_published":false,"_jetpack_newsletter_access":"","_jetpack_dont_email_post_to_subs":false,"_jetpack_newsletter_tier_id":0,"_jetpack_memberships_contains_paywalled_content":false,"_jetpack_memberships_contains_paid_content":false,"footnotes":""},"categories":[2],"tags":[],"class_list":["post-7609","post","type-post","status-publish","format-standard","has-post-thumbnail","hentry","category-politica"],"jetpack_featured_media_url":"https:\/\/www.tribunanf.com.br\/blogdoralfereis\/wp-content\/uploads\/sites\/11\/2021\/01\/wlad-1.jpg","jetpack_sharing_enabled":true,"_links":{"self":[{"href":"https:\/\/www.tribunanf.com.br\/blogdoralfereis\/wp-json\/wp\/v2\/posts\/7609","targetHints":{"allow":["GET"]}}],"collection":[{"href":"https:\/\/www.tribunanf.com.br\/blogdoralfereis\/wp-json\/wp\/v2\/posts"}],"about":[{"href":"https:\/\/www.tribunanf.com.br\/blogdoralfereis\/wp-json\/wp\/v2\/types\/post"}],"author":[{"embeddable":true,"href":"https:\/\/www.tribunanf.com.br\/blogdoralfereis\/wp-json\/wp\/v2\/users\/2"}],"replies":[{"embeddable":true,"href":"https:\/\/www.tribunanf.com.br\/blogdoralfereis\/wp-json\/wp\/v2\/comments?post=7609"}],"version-history":[{"count":0,"href":"https:\/\/www.tribunanf.com.br\/blogdoralfereis\/wp-json\/wp\/v2\/posts\/7609\/revisions"}],"wp:featuredmedia":[{"embeddable":true,"href":"https:\/\/www.tribunanf.com.br\/blogdoralfereis\/wp-json\/wp\/v2\/media\/5868"}],"wp:attachment":[{"href":"https:\/\/www.tribunanf.com.br\/blogdoralfereis\/wp-json\/wp\/v2\/media?parent=7609"}],"wp:term":[{"taxonomy":"category","embeddable":true,"href":"https:\/\/www.tribunanf.com.br\/blogdoralfereis\/wp-json\/wp\/v2\/categories?post=7609"},{"taxonomy":"post_tag","embeddable":true,"href":"https:\/\/www.tribunanf.com.br\/blogdoralfereis\/wp-json\/wp\/v2\/tags?post=7609"}],"curies":[{"name":"wp","href":"https:\/\/api.w.org\/{rel}","templated":true}]}}