{"id":756,"date":"2018-08-28T10:20:05","date_gmt":"2018-08-28T13:20:05","guid":{"rendered":"http:\/\/www.tribunanf.com.br\/blogdoralfereis\/?p=756"},"modified":"2018-08-28T12:44:32","modified_gmt":"2018-08-28T15:44:32","slug":"ao-vivo-assista-ao-debate-entre-os-candidatos-ao-governo-do-rio","status":"publish","type":"post","link":"https:\/\/www.tribunanf.com.br\/blogdoralfereis\/2018\/08\/28\/ao-vivo-assista-ao-debate-entre-os-candidatos-ao-governo-do-rio\/","title":{"rendered":"Assista ao debate entre os candidatos ao governo do Rio"},"content":{"rendered":"<p><img loading=\"lazy\" decoding=\"async\" class=\"aligncenter size-full wp-image-757\" src=\"http:\/\/www.tribunanf.com.br\/blogdoralfereis\/wp-content\/uploads\/sites\/11\/2018\/08\/x78572308_rio-de-janeiro-28-08-2018-candidatos-ao-governo-do-rio-participam-de-debate-promovido-pelo.jpg.pagespeed.ic_.uHxPaDjgK0.jpg\" alt=\"\" width=\"640\" height=\"360\" srcset=\"https:\/\/www.tribunanf.com.br\/blogdoralfereis\/wp-content\/uploads\/sites\/11\/2018\/08\/x78572308_rio-de-janeiro-28-08-2018-candidatos-ao-governo-do-rio-participam-de-debate-promovido-pelo.jpg.pagespeed.ic_.uHxPaDjgK0.jpg 640w, https:\/\/www.tribunanf.com.br\/blogdoralfereis\/wp-content\/uploads\/sites\/11\/2018\/08\/x78572308_rio-de-janeiro-28-08-2018-candidatos-ao-governo-do-rio-participam-de-debate-promovido-pelo.jpg.pagespeed.ic_.uHxPaDjgK0-300x169.jpg 300w\" sizes=\"auto, (max-width: 640px) 100vw, 640px\" \/><\/p>\n<p style=\"text-align: justify;\">Os jornais O GLOBO e Extra, e a revista \u00c9poca, em parceria com a Universidade Est\u00e1cio de S\u00e1, promovem, pela primeira vez, um debate entre os principais candidatos ao governo do Rio.<\/p>\n<p style=\"text-align: justify;\">Foram convidados para o debate os candidatos Rom\u00e1rio (Podemos), Eduardo Paes (DEM), Anthony Garotinho (PRP), Tarc\u00edsio Motta (PSOL) e Indio da Costa (PSD). Eles foram os cinco primeiros colocados de acordo com a primeira pesquisa Ibope sobre a elei\u00e7\u00e3o estadual de 2018, divulgada na semana passada e encomendada pelo GLOBO, em conjunto com a TV Globo.<\/p>\n<p><iframe loading=\"lazy\" style=\"border: none; overflow: hidden;\" src=\"https:\/\/www.facebook.com\/plugins\/video.php?href=https%3A%2F%2Fwww.facebook.com%2Fjornaloglobo%2Fvideos%2F306241293263273%2F&amp;show_text=0&amp;width=560\" width=\"560\" height=\"315\" frameborder=\"0\" scrolling=\"no\" allowfullscreen=\"allowfullscreen\"><\/iframe><\/p>\n","protected":false},"excerpt":{"rendered":"<p>Os jornais O GLOBO e Extra, e a revista \u00c9poca, em parceria com a Universidade Est\u00e1cio de S\u00e1, promovem, pela&#8230;<\/p>\n","protected":false},"author":2,"featured_media":757,"comment_status":"open","ping_status":"open","sticky":false,"template":"","format":"standard","meta":{"colormag_page_container_layout":"default_layout","colormag_page_sidebar_layout":"default_layout","jetpack_post_was_ever_published":false,"_jetpack_newsletter_access":"","_jetpack_dont_email_post_to_subs":false,"_jetpack_newsletter_tier_id":0,"_jetpack_memberships_contains_paywalled_content":false,"_jetpack_memberships_contains_paid_content":false,"footnotes":""},"categories":[2],"tags":[],"class_list":["post-756","post","type-post","status-publish","format-standard","has-post-thumbnail","hentry","category-politica"],"jetpack_featured_media_url":"https:\/\/www.tribunanf.com.br\/blogdoralfereis\/wp-content\/uploads\/sites\/11\/2018\/08\/x78572308_rio-de-janeiro-28-08-2018-candidatos-ao-governo-do-rio-participam-de-debate-promovido-pelo.jpg.pagespeed.ic_.uHxPaDjgK0.jpg","jetpack_sharing_enabled":true,"_links":{"self":[{"href":"https:\/\/www.tribunanf.com.br\/blogdoralfereis\/wp-json\/wp\/v2\/posts\/756","targetHints":{"allow":["GET"]}}],"collection":[{"href":"https:\/\/www.tribunanf.com.br\/blogdoralfereis\/wp-json\/wp\/v2\/posts"}],"about":[{"href":"https:\/\/www.tribunanf.com.br\/blogdoralfereis\/wp-json\/wp\/v2\/types\/post"}],"author":[{"embeddable":true,"href":"https:\/\/www.tribunanf.com.br\/blogdoralfereis\/wp-json\/wp\/v2\/users\/2"}],"replies":[{"embeddable":true,"href":"https:\/\/www.tribunanf.com.br\/blogdoralfereis\/wp-json\/wp\/v2\/comments?post=756"}],"version-history":[{"count":0,"href":"https:\/\/www.tribunanf.com.br\/blogdoralfereis\/wp-json\/wp\/v2\/posts\/756\/revisions"}],"wp:featuredmedia":[{"embeddable":true,"href":"https:\/\/www.tribunanf.com.br\/blogdoralfereis\/wp-json\/wp\/v2\/media\/757"}],"wp:attachment":[{"href":"https:\/\/www.tribunanf.com.br\/blogdoralfereis\/wp-json\/wp\/v2\/media?parent=756"}],"wp:term":[{"taxonomy":"category","embeddable":true,"href":"https:\/\/www.tribunanf.com.br\/blogdoralfereis\/wp-json\/wp\/v2\/categories?post=756"},{"taxonomy":"post_tag","embeddable":true,"href":"https:\/\/www.tribunanf.com.br\/blogdoralfereis\/wp-json\/wp\/v2\/tags?post=756"}],"curies":[{"name":"wp","href":"https:\/\/api.w.org\/{rel}","templated":true}]}}