{"id":7528,"date":"2021-08-31T15:41:14","date_gmt":"2021-08-31T18:41:14","guid":{"rendered":"https:\/\/www.tribunanf.com.br\/blogdoralfereis\/?p=7528"},"modified":"2021-08-31T15:41:14","modified_gmt":"2021-08-31T18:41:14","slug":"alexandre-de-moraes-mantem-prisao-preventiva-de-roberto-jefferson","status":"publish","type":"post","link":"https:\/\/www.tribunanf.com.br\/blogdoralfereis\/2021\/08\/31\/alexandre-de-moraes-mantem-prisao-preventiva-de-roberto-jefferson\/","title":{"rendered":"Alexandre de Moraes mant\u00e9m pris\u00e3o preventiva de Roberto Jefferson"},"content":{"rendered":"<p style=\"text-align: justify;\"><img loading=\"lazy\" decoding=\"async\" class=\"aligncenter size-full wp-image-4248\" src=\"https:\/\/www.tribunanf.com.br\/blogdoralfereis\/wp-content\/uploads\/sites\/11\/2020\/06\/alexande-de-moraes.jpg\" alt=\"\" width=\"984\" height=\"656\" srcset=\"https:\/\/www.tribunanf.com.br\/blogdoralfereis\/wp-content\/uploads\/sites\/11\/2020\/06\/alexande-de-moraes.jpg 984w, https:\/\/www.tribunanf.com.br\/blogdoralfereis\/wp-content\/uploads\/sites\/11\/2020\/06\/alexande-de-moraes-300x200.jpg 300w, https:\/\/www.tribunanf.com.br\/blogdoralfereis\/wp-content\/uploads\/sites\/11\/2020\/06\/alexande-de-moraes-768x512.jpg 768w\" sizes=\"auto, (max-width: 984px) 100vw, 984px\" \/><\/p>\n<p style=\"text-align: justify;\">O ministro Alexandre de Moraes, do Supremo Tribunal Federal (STF), manteve a pris\u00e3o preventiva do ex-deputado federal Roberto Jefferson, presidente nacional do PTB. Jefferson, que \u00e9 apoiador do presidente Jair Bolsonaro, est\u00e1 preso desde o \u00faltimo dia 13 sob a acusa\u00e7\u00e3o de amea\u00e7as \u00e0s institui\u00e7\u00f5es e \u00e0 democracia.<\/p>\n<p style=\"text-align: justify;\">&#8220;Diante de todo o exposto, nos termos do artigo 21, IX, do RISTF, MANTENHO A PRIS\u00c3O PREVENTIVA DE ROBERTO JEFFERSON MONTEIRO FRANCISCO, necess\u00e1ria e imprescind\u00edvel \u00e0 garantia da ordem p\u00fablica e \u00e0 instru\u00e7\u00e3o criminal e INDEFIRO os requerimentos apresentados pela defesa&#8221;, disse o ministro.<\/p>\n<p style=\"text-align: justify;\">A defesa de Jefferson pedia que a pris\u00e3o preventiva fosse convertida em domiciliar em raz\u00e3o das condi\u00e7\u00f5es de sa\u00fade do ex-deputado. Para o ministro, por\u00e9m, a pris\u00e3o domiciliar \u00e9 insuficiente para &#8220;cessar as condutas criminosas, ainda que cumulada com medidas cautelares diversas da pris\u00e3o&#8221;, j\u00e1 que o presidente do partido &#8220;tem se utilizado de in\u00fameros meios para incorrer no comportamento il\u00edcito&#8221;.<\/p>\n<p style=\"text-align: justify;\">Segundo o ministro, est\u00e1 amplamente documentado que Jefferson, mesmo ap\u00f3s ter sua pris\u00e3o decretada, permanece praticando condutas criminosas &#8220;semelhantes \u00e0s que ensejaram sua cust\u00f3dia preventiva e subsequente oferecimento da den\u00fancia pela Procuradoria-Geral da Rep\u00fablica&#8221;.<\/p>\n<p style=\"text-align: justify;\">Moraes afirma que o ex-deputado, inclusive, continua incitando a popula\u00e7\u00e3o &#8220;para que pratique crimes contras os Poderes da Rep\u00fablica \u2013 especialmente em rela\u00e7\u00e3o ao Senado Federal e ao STF \u2013, incitando graves agress\u00f5es a Senadores da Rep\u00fablica e a Ministros do SUPREMO TRIBUNAL FEDERAL, notadamente nos atos previstos para o pr\u00f3ximo feriado nacional de 7\/9\/2021&#8221;.<\/p>\n<p style=\"text-align: justify;\">&#8220;Ao destruir provas que interessariam \u00e0 investiga\u00e7\u00e3o e, posteriormente, indicar que \u201cn\u00e3o aceitaria\u201d eventual pris\u00e3o domiciliar cumulada com monitoramento eletr\u00f4nico, o custodiado revela, mais uma vez, seu absoluto desrespeito em rela\u00e7\u00e3o \u00e0 JUSTI\u00c7A, o que indica que a manuten\u00e7\u00e3o da cust\u00f3dia preventiva \u00e9 absolutamente necess\u00e1ria tamb\u00e9m para a conveni\u00eancia da instru\u00e7\u00e3o criminal&#8221;, apontou, ainda, o ministro.<\/p>\n<p style=\"text-align: justify;\">A decis\u00e3o de Moraes ocorre um dia ap\u00f3s a Procuradoria-Geral da Rep\u00fablica (PGR) apresentar den\u00fancia contra o presidente nacional do PTB &#8212; sob acusa\u00e7\u00e3o de incita\u00e7\u00e3o a crimes contra a seguran\u00e7a nacional, homofobia e cal\u00fania contra o presidente do Senado Rodrigo Pacheco (DEM-MG).<\/p>\n","protected":false},"excerpt":{"rendered":"<p>O ministro Alexandre de Moraes, do Supremo Tribunal Federal (STF), manteve a pris\u00e3o preventiva do ex-deputado federal Roberto Jefferson, presidente&#8230;<\/p>\n","protected":false},"author":2,"featured_media":4248,"comment_status":"open","ping_status":"open","sticky":false,"template":"","format":"standard","meta":{"colormag_page_container_layout":"default_layout","colormag_page_sidebar_layout":"default_layout","jetpack_post_was_ever_published":false,"_jetpack_newsletter_access":"","_jetpack_dont_email_post_to_subs":false,"_jetpack_newsletter_tier_id":0,"_jetpack_memberships_contains_paywalled_content":false,"_jetpack_memberships_contains_paid_content":false,"footnotes":""},"categories":[2],"tags":[],"class_list":["post-7528","post","type-post","status-publish","format-standard","has-post-thumbnail","hentry","category-politica"],"jetpack_featured_media_url":"https:\/\/www.tribunanf.com.br\/blogdoralfereis\/wp-content\/uploads\/sites\/11\/2020\/06\/alexande-de-moraes.jpg","jetpack_sharing_enabled":true,"_links":{"self":[{"href":"https:\/\/www.tribunanf.com.br\/blogdoralfereis\/wp-json\/wp\/v2\/posts\/7528","targetHints":{"allow":["GET"]}}],"collection":[{"href":"https:\/\/www.tribunanf.com.br\/blogdoralfereis\/wp-json\/wp\/v2\/posts"}],"about":[{"href":"https:\/\/www.tribunanf.com.br\/blogdoralfereis\/wp-json\/wp\/v2\/types\/post"}],"author":[{"embeddable":true,"href":"https:\/\/www.tribunanf.com.br\/blogdoralfereis\/wp-json\/wp\/v2\/users\/2"}],"replies":[{"embeddable":true,"href":"https:\/\/www.tribunanf.com.br\/blogdoralfereis\/wp-json\/wp\/v2\/comments?post=7528"}],"version-history":[{"count":0,"href":"https:\/\/www.tribunanf.com.br\/blogdoralfereis\/wp-json\/wp\/v2\/posts\/7528\/revisions"}],"wp:featuredmedia":[{"embeddable":true,"href":"https:\/\/www.tribunanf.com.br\/blogdoralfereis\/wp-json\/wp\/v2\/media\/4248"}],"wp:attachment":[{"href":"https:\/\/www.tribunanf.com.br\/blogdoralfereis\/wp-json\/wp\/v2\/media?parent=7528"}],"wp:term":[{"taxonomy":"category","embeddable":true,"href":"https:\/\/www.tribunanf.com.br\/blogdoralfereis\/wp-json\/wp\/v2\/categories?post=7528"},{"taxonomy":"post_tag","embeddable":true,"href":"https:\/\/www.tribunanf.com.br\/blogdoralfereis\/wp-json\/wp\/v2\/tags?post=7528"}],"curies":[{"name":"wp","href":"https:\/\/api.w.org\/{rel}","templated":true}]}}