{"id":746,"date":"2018-08-23T21:00:55","date_gmt":"2018-08-24T00:00:55","guid":{"rendered":"http:\/\/www.tribunanf.com.br\/blogdoralfereis\/?p=746"},"modified":"2018-08-23T21:00:55","modified_gmt":"2018-08-24T00:00:55","slug":"o-estacionamento-da-ponte-rosinha","status":"publish","type":"post","link":"https:\/\/www.tribunanf.com.br\/blogdoralfereis\/2018\/08\/23\/o-estacionamento-da-ponte-rosinha\/","title":{"rendered":"O estacionamento da Ponte Rosinha"},"content":{"rendered":"<p><img loading=\"lazy\" decoding=\"async\" class=\"aligncenter size-full wp-image-748\" src=\"http:\/\/www.tribunanf.com.br\/blogdoralfereis\/wp-content\/uploads\/sites\/11\/2018\/08\/estacionamento-rosinha.jpg\" alt=\"\" width=\"1068\" height=\"588\" srcset=\"https:\/\/www.tribunanf.com.br\/blogdoralfereis\/wp-content\/uploads\/sites\/11\/2018\/08\/estacionamento-rosinha.jpg 1068w, https:\/\/www.tribunanf.com.br\/blogdoralfereis\/wp-content\/uploads\/sites\/11\/2018\/08\/estacionamento-rosinha-300x165.jpg 300w, https:\/\/www.tribunanf.com.br\/blogdoralfereis\/wp-content\/uploads\/sites\/11\/2018\/08\/estacionamento-rosinha-768x423.jpg 768w, https:\/\/www.tribunanf.com.br\/blogdoralfereis\/wp-content\/uploads\/sites\/11\/2018\/08\/estacionamento-rosinha-1024x564.jpg 1024w\" sizes=\"auto, (max-width: 1068px) 100vw, 1068px\" \/><\/p>\n<p style=\"text-align: justify;\">Embora ainda n\u00e3o tenha todos os detalhes do estacionamento que fica sob a Ponte Rosinha, o prefeito Rafael Diniz editou um decreto anulando a permiss\u00e3o de uso da empresa JR Estacionamento e Servi\u00e7os LTDA.<\/p>\n<p style=\"text-align: justify;\">Sabe-se que existe ou existiu um lit\u00edgio na justi\u00e7a comum entre os permission\u00e1rios do estacionamento e a administra\u00e7\u00e3o atual.<\/p>\n<p style=\"text-align: justify;\">Esse estacionamento, pelo que se ouve falar, foi e ainda \u00e9 motivo de muitas m\u00e1goas entre um empres\u00e1rio do ramo de hotelaria e um pol\u00edtico local.<\/p>\n<p style=\"text-align: justify;\">Tamb\u00e9m, segundo fontes seguras, todas as vezes que acontece alguma coisa nesse estacionamento as partes se re\u00fanem para comemorar, principalmente quando \u00e9 vit\u00f3ria.<\/p>\n<p style=\"text-align: justify;\">Existe um movimento da diretoria do camel\u00f3dromo de Campos no sentido de usar o local para atrair clientes para o empreendimento a custo zero.<\/p>\n<p style=\"text-align: justify;\">O dono do ve\u00edculo que utilizar o local dever\u00e1 apresentar um consumo que ser\u00e1 aferido pelos camel\u00f4s para evitar o uso indevido do local. Realmente essa ser\u00e1 uma grande vit\u00f3ria dos camel\u00f4s que est\u00e3o com sua obra paralisada desde a sa\u00edda da prefeita Rosinha.<\/p>\n<p style=\"text-align: justify;\">N\u00e3o se pode perder de vista que v\u00e1rios quebra-facas do atual prefeito criaram embara\u00e7o para que a obra do camel\u00f3dromo n\u00e3o fosse constru\u00edda no governo passado.<\/p>\n<p><img loading=\"lazy\" decoding=\"async\" class=\"aligncenter size-full wp-image-747\" src=\"http:\/\/www.tribunanf.com.br\/blogdoralfereis\/wp-content\/uploads\/sites\/11\/2018\/08\/estacionamento.png\" alt=\"\" width=\"658\" height=\"285\" srcset=\"https:\/\/www.tribunanf.com.br\/blogdoralfereis\/wp-content\/uploads\/sites\/11\/2018\/08\/estacionamento.png 658w, https:\/\/www.tribunanf.com.br\/blogdoralfereis\/wp-content\/uploads\/sites\/11\/2018\/08\/estacionamento-300x130.png 300w\" sizes=\"auto, (max-width: 658px) 100vw, 658px\" \/><\/p>\n","protected":false},"excerpt":{"rendered":"<p>Embora ainda n\u00e3o tenha todos os detalhes do estacionamento que fica sob a Ponte Rosinha, o prefeito Rafael Diniz editou&#8230;<\/p>\n","protected":false},"author":2,"featured_media":748,"comment_status":"open","ping_status":"open","sticky":false,"template":"","format":"standard","meta":{"colormag_page_container_layout":"default_layout","colormag_page_sidebar_layout":"default_layout","jetpack_post_was_ever_published":false,"_jetpack_newsletter_access":"","_jetpack_dont_email_post_to_subs":false,"_jetpack_newsletter_tier_id":0,"_jetpack_memberships_contains_paywalled_content":false,"_jetpack_memberships_contains_paid_content":false,"footnotes":""},"categories":[2],"tags":[],"class_list":["post-746","post","type-post","status-publish","format-standard","has-post-thumbnail","hentry","category-politica"],"jetpack_featured_media_url":"https:\/\/www.tribunanf.com.br\/blogdoralfereis\/wp-content\/uploads\/sites\/11\/2018\/08\/estacionamento-rosinha.jpg","jetpack_sharing_enabled":true,"_links":{"self":[{"href":"https:\/\/www.tribunanf.com.br\/blogdoralfereis\/wp-json\/wp\/v2\/posts\/746","targetHints":{"allow":["GET"]}}],"collection":[{"href":"https:\/\/www.tribunanf.com.br\/blogdoralfereis\/wp-json\/wp\/v2\/posts"}],"about":[{"href":"https:\/\/www.tribunanf.com.br\/blogdoralfereis\/wp-json\/wp\/v2\/types\/post"}],"author":[{"embeddable":true,"href":"https:\/\/www.tribunanf.com.br\/blogdoralfereis\/wp-json\/wp\/v2\/users\/2"}],"replies":[{"embeddable":true,"href":"https:\/\/www.tribunanf.com.br\/blogdoralfereis\/wp-json\/wp\/v2\/comments?post=746"}],"version-history":[{"count":0,"href":"https:\/\/www.tribunanf.com.br\/blogdoralfereis\/wp-json\/wp\/v2\/posts\/746\/revisions"}],"wp:featuredmedia":[{"embeddable":true,"href":"https:\/\/www.tribunanf.com.br\/blogdoralfereis\/wp-json\/wp\/v2\/media\/748"}],"wp:attachment":[{"href":"https:\/\/www.tribunanf.com.br\/blogdoralfereis\/wp-json\/wp\/v2\/media?parent=746"}],"wp:term":[{"taxonomy":"category","embeddable":true,"href":"https:\/\/www.tribunanf.com.br\/blogdoralfereis\/wp-json\/wp\/v2\/categories?post=746"},{"taxonomy":"post_tag","embeddable":true,"href":"https:\/\/www.tribunanf.com.br\/blogdoralfereis\/wp-json\/wp\/v2\/tags?post=746"}],"curies":[{"name":"wp","href":"https:\/\/api.w.org\/{rel}","templated":true}]}}