{"id":7393,"date":"2021-08-07T17:15:53","date_gmt":"2021-08-07T20:15:53","guid":{"rendered":"https:\/\/www.tribunanf.com.br\/blogdoralfereis\/?p=7393"},"modified":"2021-08-07T17:15:53","modified_gmt":"2021-08-07T20:15:53","slug":"francimara-e-frederico-recebem-o-governador-claudio-castro-em-sao-francisco-de-itabapoana","status":"publish","type":"post","link":"https:\/\/www.tribunanf.com.br\/blogdoralfereis\/2021\/08\/07\/francimara-e-frederico-recebem-o-governador-claudio-castro-em-sao-francisco-de-itabapoana\/","title":{"rendered":"Francimara e Frederico recebem o governador Cl\u00e1udio Castro em S\u00e3o Francisco de Itabapoana"},"content":{"rendered":"<p><img loading=\"lazy\" decoding=\"async\" class=\"aligncenter size-large wp-image-7395\" src=\"https:\/\/www.tribunanf.com.br\/blogdoralfereis\/wp-content\/uploads\/sites\/11\/2021\/08\/fred-1024x860.jpg\" alt=\"\" width=\"800\" height=\"672\" srcset=\"https:\/\/www.tribunanf.com.br\/blogdoralfereis\/wp-content\/uploads\/sites\/11\/2021\/08\/fred-1024x860.jpg 1024w, https:\/\/www.tribunanf.com.br\/blogdoralfereis\/wp-content\/uploads\/sites\/11\/2021\/08\/fred-300x252.jpg 300w, https:\/\/www.tribunanf.com.br\/blogdoralfereis\/wp-content\/uploads\/sites\/11\/2021\/08\/fred-768x645.jpg 768w, https:\/\/www.tribunanf.com.br\/blogdoralfereis\/wp-content\/uploads\/sites\/11\/2021\/08\/fred.jpg 1096w\" sizes=\"auto, (max-width: 800px) 100vw, 800px\" \/><\/p>\n<p style=\"text-align: justify;\">A prefeita de S\u00e3o Francisco de Itabapoana, Francimara Barbosa Lemos, e o seu esposo Frederico Barbosa Lemos, receberam neste s\u00e1bado (7) a visita do governador Cl\u00e1udio Castro. O munic\u00edpio sediou o F\u00f3rum Regional de Lideran\u00e7as Femininas.<\/p>\n<p style=\"text-align: justify;\">Cl\u00e1udio Castro cumpre agenda na regi\u00e3o trazendo o programa Governo Presente, com a participa\u00e7\u00e3o de v\u00e1rias secretarias de Estado.<\/p>\n<p style=\"text-align: justify;\">O ex-prefeito Frederico Barbosa Lemos agradeceu a visita do governador, que anunciou v\u00e1rios investimentos no munic\u00edpio e a retomada das obras da Ponte da Integra\u00e7\u00e3o (<a href=\"https:\/\/www.tribunanf.com.br\/governador-claudio-castro-garante-a-prefeita-francimara-a-conclusao-da-ponte-da-integracao\/\">aqui<\/a>). Frederico tamb\u00e9m agradeceu a visita do deputado federal \u00c1ureo Ribeiro.<\/p>\n<p>Frederico recebeu uma homenagem das m\u00e3os da prefeita Francimara e do governador Cl\u00e1udio Castro.<\/p>\n<p style=\"text-align: justify;\">&#8220;Com carinho e orgulho junto de nossa prefeita Francimara recebemos hoje a visita do nosso governador Cl\u00e1udio Castro acompanhado da senhora primeira dama do estado Analine Castro, onde nossa cidade sediou o \u201cF\u00f3rum Regional de Lideran\u00e7as Femininas\u201d para comemoramos os 15 anos da Lei Maria da Penha. Alegria em receber sempre a visita do nosso querido amigo deputado federal \u00c1ureo Ribeiro, amigo fiel de nossa cidade. Muito honrado fui agraciado com uma linda homenagem das m\u00e3os de nossa prefeita e do governador Cl\u00e1udio Castro, continuarei lutando cada vez mais por nossa S\u00e3o Francisco e toda regi\u00e3o norte e noroeste do estado \u201cInterior forte, nosso estado forte\u201d. Vamos em frente e com a certeza de que o progresso chegou e temos hoje um estado presente. Pra frente que se anda e de m\u00e3os dadas construiremos um futuro cada dia melhor para todos n\u00f3s!&#8221;, agradeceu Frederico nas redes sociais.<\/p>\n<p>Confira:<\/p>\n<p style=\"text-align: justify;\"><iframe loading=\"lazy\" style=\"border: none; overflow: hidden;\" src=\"https:\/\/www.facebook.com\/plugins\/post.php?href=https%3A%2F%2Fwww.facebook.com%2Ffrederico.souzabarbosalemos%2Fposts%2F996209901127992&amp;show_text=true&amp;width=500\" width=\"500\" height=\"695\" frameborder=\"0\" scrolling=\"no\" allowfullscreen=\"allowfullscreen\"><\/iframe><\/p>\n","protected":false},"excerpt":{"rendered":"<p>A prefeita de S\u00e3o Francisco de Itabapoana, Francimara Barbosa Lemos, e o seu esposo Frederico Barbosa Lemos, receberam neste s\u00e1bado&#8230;<\/p>\n","protected":false},"author":2,"featured_media":7395,"comment_status":"open","ping_status":"open","sticky":false,"template":"","format":"standard","meta":{"colormag_page_container_layout":"default_layout","colormag_page_sidebar_layout":"default_layout","jetpack_post_was_ever_published":false,"_jetpack_newsletter_access":"","_jetpack_dont_email_post_to_subs":false,"_jetpack_newsletter_tier_id":0,"_jetpack_memberships_contains_paywalled_content":false,"_jetpack_memberships_contains_paid_content":false,"footnotes":""},"categories":[2],"tags":[],"class_list":["post-7393","post","type-post","status-publish","format-standard","has-post-thumbnail","hentry","category-politica"],"jetpack_featured_media_url":"https:\/\/www.tribunanf.com.br\/blogdoralfereis\/wp-content\/uploads\/sites\/11\/2021\/08\/fred.jpg","jetpack_sharing_enabled":true,"_links":{"self":[{"href":"https:\/\/www.tribunanf.com.br\/blogdoralfereis\/wp-json\/wp\/v2\/posts\/7393","targetHints":{"allow":["GET"]}}],"collection":[{"href":"https:\/\/www.tribunanf.com.br\/blogdoralfereis\/wp-json\/wp\/v2\/posts"}],"about":[{"href":"https:\/\/www.tribunanf.com.br\/blogdoralfereis\/wp-json\/wp\/v2\/types\/post"}],"author":[{"embeddable":true,"href":"https:\/\/www.tribunanf.com.br\/blogdoralfereis\/wp-json\/wp\/v2\/users\/2"}],"replies":[{"embeddable":true,"href":"https:\/\/www.tribunanf.com.br\/blogdoralfereis\/wp-json\/wp\/v2\/comments?post=7393"}],"version-history":[{"count":0,"href":"https:\/\/www.tribunanf.com.br\/blogdoralfereis\/wp-json\/wp\/v2\/posts\/7393\/revisions"}],"wp:featuredmedia":[{"embeddable":true,"href":"https:\/\/www.tribunanf.com.br\/blogdoralfereis\/wp-json\/wp\/v2\/media\/7395"}],"wp:attachment":[{"href":"https:\/\/www.tribunanf.com.br\/blogdoralfereis\/wp-json\/wp\/v2\/media?parent=7393"}],"wp:term":[{"taxonomy":"category","embeddable":true,"href":"https:\/\/www.tribunanf.com.br\/blogdoralfereis\/wp-json\/wp\/v2\/categories?post=7393"},{"taxonomy":"post_tag","embeddable":true,"href":"https:\/\/www.tribunanf.com.br\/blogdoralfereis\/wp-json\/wp\/v2\/tags?post=7393"}],"curies":[{"name":"wp","href":"https:\/\/api.w.org\/{rel}","templated":true}]}}