{"id":7391,"date":"2021-08-07T08:35:54","date_gmt":"2021-08-07T11:35:54","guid":{"rendered":"https:\/\/www.tribunanf.com.br\/blogdoralfereis\/?p=7391"},"modified":"2021-08-07T08:35:54","modified_gmt":"2021-08-07T11:35:54","slug":"tj-aceita-requerimento-do-municipio-de-campos-e-havera-novo-julgamento-do-stf-sobre-progressao","status":"publish","type":"post","link":"https:\/\/www.tribunanf.com.br\/blogdoralfereis\/2021\/08\/07\/tj-aceita-requerimento-do-municipio-de-campos-e-havera-novo-julgamento-do-stf-sobre-progressao\/","title":{"rendered":"TJ aceita requerimento do munic\u00edpio de Campos e haver\u00e1 novo julgamento do STF sobre progress\u00e3o"},"content":{"rendered":"<p><img loading=\"lazy\" decoding=\"async\" class=\"aligncenter size-full wp-image-6641\" src=\"https:\/\/www.tribunanf.com.br\/blogdoralfereis\/wp-content\/uploads\/sites\/11\/2021\/04\/prefeitura-campos.jpg\" alt=\"\" width=\"735\" height=\"490\" srcset=\"https:\/\/www.tribunanf.com.br\/blogdoralfereis\/wp-content\/uploads\/sites\/11\/2021\/04\/prefeitura-campos.jpg 735w, https:\/\/www.tribunanf.com.br\/blogdoralfereis\/wp-content\/uploads\/sites\/11\/2021\/04\/prefeitura-campos-300x200.jpg 300w\" sizes=\"auto, (max-width: 735px) 100vw, 735px\" \/><\/p>\n<p style=\"text-align: justify;\">O requerimento apresentado pela Procuradoria Geral do Munic\u00edpio (PGM) foi aceito e o Tribunal de Justi\u00e7a do Estado do Rio de Janeiro (TJ-RJ) reconheceu que o recurso da Prefeitura de Campos n\u00e3o foi julgado e que o processo ser\u00e1 remetido novamente ao Supremo Tribunal Federal (STF). A Procuradoria protocolou peti\u00e7\u00e3o nos autos da A\u00e7\u00e3o Direta de Inconstitucionalidade (Adin), esta semana, ap\u00f3s for\u00e7a-tarefa ter identificado aus\u00eancia de julgamento do recurso extraordin\u00e1rio do munic\u00edpio em rela\u00e7\u00e3o \u00e0 progress\u00e3o funcional dos servidores que ingressaram na prefeitura sem concurso e adquiriram a estabilidade por for\u00e7a constitucional, al\u00e9m de aposentados e pensionistas (<a href=\"https:\/\/www.campos.rj.gov.br\/exibirNoticia.php?id_noticia=62942\" target=\"_blank\" rel=\"noopener\">veja aqui<\/a>). Enquanto n\u00e3o houver o julgamento do recurso do munic\u00edpio no STF, os servidores n\u00e3o ter\u00e3o desconto em seus pagamentos.<\/p>\n<p style=\"text-align: justify;\">No m\u00eas de junho, o Tribunal de Justi\u00e7a notificou o Munic\u00edpio, por meio do of\u00edcio n\u00ba 566-Q\/2021, dando conta de que a lei que deu base \u00e0 progress\u00e3o de servidores est\u00e1veis sem concurso, aposentados e pensionistas, havia sido declarada inconstitucional. O ac\u00f3rd\u00e3o se referia ao recurso extraordin\u00e1rio da Mesa da C\u00e2mara de Vereadores, sendo que o recurso extraordin\u00e1rio da prefeitura ainda n\u00e3o foi julgado, embora o processo tenha sido devolvido para o Tribunal de Justi\u00e7a.<\/p>\n<p style=\"text-align: justify;\">O STF e o TJ-RJ consideraram inconstitucional a lei municipal n\u00ba 8644\/2015, que concedia progress\u00e3o funcional a todos os servidores em atividade, incluindo os que ingressaram na prefeitura sem concurso e adquiriram a estabilidade por for\u00e7a constitucional, al\u00e9m de aposentados e pensionistas. Os concursados em atividade seguem tendo a progress\u00e3o funcional normalmente, conforme prev\u00ea a legisla\u00e7\u00e3o. Os aposentados e pensionistas que ingressaram na prefeitura nesta condi\u00e7\u00e3o ter\u00e3o a progress\u00e3o at\u00e9 a aposentadoria. Com o TJ tendo reconhecido que n\u00e3o houve o julgamento, o pagamentos dos 2.653 servidores, que seriam afetados, seguem normalmente at\u00e9 que o recurso do munic\u00edpio seja julgado.<\/p>\n<p style=\"text-align: justify;\">A progress\u00e3o funcional \u00e9 um benef\u00edcio concedido a servidores concursados, que est\u00e1 previsto no Plano de Cargos e Sal\u00e1rios do munic\u00edpio. Atrav\u00e9s dela, o servidor passa para o padr\u00e3o imediatamente superior dentro da classe ou categoria atual de sua carreira e a identifica\u00e7\u00e3o desta progress\u00e3o ocorre atrav\u00e9s da mudan\u00e7a das letras. Com a suspens\u00e3o da progress\u00e3o funcional deste grupo de servidores, eles retornar\u00e3o \u00e0 letra inicial do padr\u00e3o de vencimentos de cada cargo. Os concursados ter\u00e3o a progress\u00e3o at\u00e9 a inatividade.<\/p>\n","protected":false},"excerpt":{"rendered":"<p>O requerimento apresentado pela Procuradoria Geral do Munic\u00edpio (PGM) foi aceito e o Tribunal de Justi\u00e7a do Estado do Rio&#8230;<\/p>\n","protected":false},"author":2,"featured_media":6641,"comment_status":"open","ping_status":"open","sticky":false,"template":"","format":"standard","meta":{"colormag_page_container_layout":"default_layout","colormag_page_sidebar_layout":"default_layout","jetpack_post_was_ever_published":false,"_jetpack_newsletter_access":"","_jetpack_dont_email_post_to_subs":false,"_jetpack_newsletter_tier_id":0,"_jetpack_memberships_contains_paywalled_content":false,"_jetpack_memberships_contains_paid_content":false,"footnotes":""},"categories":[2],"tags":[],"class_list":["post-7391","post","type-post","status-publish","format-standard","has-post-thumbnail","hentry","category-politica"],"jetpack_featured_media_url":"https:\/\/www.tribunanf.com.br\/blogdoralfereis\/wp-content\/uploads\/sites\/11\/2021\/04\/prefeitura-campos.jpg","jetpack_sharing_enabled":true,"_links":{"self":[{"href":"https:\/\/www.tribunanf.com.br\/blogdoralfereis\/wp-json\/wp\/v2\/posts\/7391","targetHints":{"allow":["GET"]}}],"collection":[{"href":"https:\/\/www.tribunanf.com.br\/blogdoralfereis\/wp-json\/wp\/v2\/posts"}],"about":[{"href":"https:\/\/www.tribunanf.com.br\/blogdoralfereis\/wp-json\/wp\/v2\/types\/post"}],"author":[{"embeddable":true,"href":"https:\/\/www.tribunanf.com.br\/blogdoralfereis\/wp-json\/wp\/v2\/users\/2"}],"replies":[{"embeddable":true,"href":"https:\/\/www.tribunanf.com.br\/blogdoralfereis\/wp-json\/wp\/v2\/comments?post=7391"}],"version-history":[{"count":0,"href":"https:\/\/www.tribunanf.com.br\/blogdoralfereis\/wp-json\/wp\/v2\/posts\/7391\/revisions"}],"wp:featuredmedia":[{"embeddable":true,"href":"https:\/\/www.tribunanf.com.br\/blogdoralfereis\/wp-json\/wp\/v2\/media\/6641"}],"wp:attachment":[{"href":"https:\/\/www.tribunanf.com.br\/blogdoralfereis\/wp-json\/wp\/v2\/media?parent=7391"}],"wp:term":[{"taxonomy":"category","embeddable":true,"href":"https:\/\/www.tribunanf.com.br\/blogdoralfereis\/wp-json\/wp\/v2\/categories?post=7391"},{"taxonomy":"post_tag","embeddable":true,"href":"https:\/\/www.tribunanf.com.br\/blogdoralfereis\/wp-json\/wp\/v2\/tags?post=7391"}],"curies":[{"name":"wp","href":"https:\/\/api.w.org\/{rel}","templated":true}]}}