{"id":731,"date":"2018-08-22T08:43:13","date_gmt":"2018-08-22T11:43:13","guid":{"rendered":"http:\/\/www.tribunanf.com.br\/blogdoralfereis\/?p=731"},"modified":"2018-08-22T08:43:13","modified_gmt":"2018-08-22T11:43:13","slug":"rafael-diniz-vai-completar-um-mes-sem-plantar-tomates","status":"publish","type":"post","link":"https:\/\/www.tribunanf.com.br\/blogdoralfereis\/2018\/08\/22\/rafael-diniz-vai-completar-um-mes-sem-plantar-tomates\/","title":{"rendered":"Rafael Diniz vai completar um m\u00eas sem plantar tomates"},"content":{"rendered":"<p><img loading=\"lazy\" decoding=\"async\" class=\"aligncenter size-full wp-image-706\" src=\"http:\/\/www.tribunanf.com.br\/blogdoralfereis\/wp-content\/uploads\/sites\/11\/2018\/08\/rafael-diniz.jpg\" alt=\"\" width=\"960\" height=\"640\" srcset=\"https:\/\/www.tribunanf.com.br\/blogdoralfereis\/wp-content\/uploads\/sites\/11\/2018\/08\/rafael-diniz.jpg 960w, https:\/\/www.tribunanf.com.br\/blogdoralfereis\/wp-content\/uploads\/sites\/11\/2018\/08\/rafael-diniz-300x200.jpg 300w, https:\/\/www.tribunanf.com.br\/blogdoralfereis\/wp-content\/uploads\/sites\/11\/2018\/08\/rafael-diniz-768x512.jpg 768w\" sizes=\"auto, (max-width: 960px) 100vw, 960px\" \/><\/p>\n<p style=\"text-align: justify;\">O prefeito Rafael Diniz vai completar um m\u00eas sem plantar tomates. Segundo o portal da prefeitura, o sistema Tomatec, implantado pelo prefeito, plantou quatro mil p\u00e9s de tomates.<\/p>\n<p style=\"text-align: justify;\">Ainda de acordo com o portal do governo, Diniz fez sua \u00faltima planta\u00e7\u00e3o em 31 de julho em uma propriedade na localidade do Carv\u00e3o.<\/p>\n<p style=\"text-align: justify;\">\u00c9 preciso elogiar quando o prefeito acerta. Rafael, aparentemente, vinha fazendo um trabalho de excel\u00eancia no plantio de tomates. Pelo menos as fotos publicadas pela comunica\u00e7\u00e3o demonstram a felicidade do prefeito.<\/p>\n<p style=\"text-align: justify;\">Lamentavelmente, Rafael Diniz encerrou sua participa\u00e7\u00e3o no projeto. \u00c9 claro que gostar\u00edamos de ver o prefeito plantando tomates at\u00e9 o fim do governo. Inclusive poderia fornecer os tomates para a rede municipal e diminuir os custos com a merenda.<\/p>\n<p style=\"text-align: justify;\">Mas de acordo com o portal da prefeitura, o prefeito anunciou um projeto de produ\u00e7\u00e3o de ovos caipiras. &#8220;Estamos lan\u00e7ando o projeto da produ\u00e7\u00e3o de ovos caipiras, gerando uma nova fonte de renda para o m\u00e9dio e pequeno produtor&#8221;, disse Rafael Diniz. Por\u00e9m ainda h\u00e1 imagens de Rafael na produ\u00e7\u00e3o.<\/p>\n<p style=\"text-align: justify;\">Se voc\u00ea encontrar o prefeito por a\u00ed, mande-o voltar a plantar tomates.<\/p>\n<p><img loading=\"lazy\" decoding=\"async\" class=\"aligncenter size-full wp-image-705\" src=\"http:\/\/www.tribunanf.com.br\/blogdoralfereis\/wp-content\/uploads\/sites\/11\/2018\/08\/rafael.jpg\" alt=\"\" width=\"960\" height=\"640\" srcset=\"https:\/\/www.tribunanf.com.br\/blogdoralfereis\/wp-content\/uploads\/sites\/11\/2018\/08\/rafael.jpg 960w, https:\/\/www.tribunanf.com.br\/blogdoralfereis\/wp-content\/uploads\/sites\/11\/2018\/08\/rafael-300x200.jpg 300w, https:\/\/www.tribunanf.com.br\/blogdoralfereis\/wp-content\/uploads\/sites\/11\/2018\/08\/rafael-768x512.jpg 768w\" sizes=\"auto, (max-width: 960px) 100vw, 960px\" \/><\/p>\n","protected":false},"excerpt":{"rendered":"<p>O prefeito Rafael Diniz vai completar um m\u00eas sem plantar tomates. Segundo o portal da prefeitura, o sistema Tomatec, implantado&#8230;<\/p>\n","protected":false},"author":2,"featured_media":706,"comment_status":"open","ping_status":"open","sticky":false,"template":"","format":"standard","meta":{"colormag_page_container_layout":"default_layout","colormag_page_sidebar_layout":"default_layout","jetpack_post_was_ever_published":false,"_jetpack_newsletter_access":"","_jetpack_dont_email_post_to_subs":false,"_jetpack_newsletter_tier_id":0,"_jetpack_memberships_contains_paywalled_content":false,"_jetpack_memberships_contains_paid_content":false,"footnotes":""},"categories":[2],"tags":[4],"class_list":["post-731","post","type-post","status-publish","format-standard","has-post-thumbnail","hentry","category-politica","tag-rafael-diniz"],"jetpack_featured_media_url":"https:\/\/www.tribunanf.com.br\/blogdoralfereis\/wp-content\/uploads\/sites\/11\/2018\/08\/rafael-diniz.jpg","jetpack_sharing_enabled":true,"_links":{"self":[{"href":"https:\/\/www.tribunanf.com.br\/blogdoralfereis\/wp-json\/wp\/v2\/posts\/731","targetHints":{"allow":["GET"]}}],"collection":[{"href":"https:\/\/www.tribunanf.com.br\/blogdoralfereis\/wp-json\/wp\/v2\/posts"}],"about":[{"href":"https:\/\/www.tribunanf.com.br\/blogdoralfereis\/wp-json\/wp\/v2\/types\/post"}],"author":[{"embeddable":true,"href":"https:\/\/www.tribunanf.com.br\/blogdoralfereis\/wp-json\/wp\/v2\/users\/2"}],"replies":[{"embeddable":true,"href":"https:\/\/www.tribunanf.com.br\/blogdoralfereis\/wp-json\/wp\/v2\/comments?post=731"}],"version-history":[{"count":0,"href":"https:\/\/www.tribunanf.com.br\/blogdoralfereis\/wp-json\/wp\/v2\/posts\/731\/revisions"}],"wp:featuredmedia":[{"embeddable":true,"href":"https:\/\/www.tribunanf.com.br\/blogdoralfereis\/wp-json\/wp\/v2\/media\/706"}],"wp:attachment":[{"href":"https:\/\/www.tribunanf.com.br\/blogdoralfereis\/wp-json\/wp\/v2\/media?parent=731"}],"wp:term":[{"taxonomy":"category","embeddable":true,"href":"https:\/\/www.tribunanf.com.br\/blogdoralfereis\/wp-json\/wp\/v2\/categories?post=731"},{"taxonomy":"post_tag","embeddable":true,"href":"https:\/\/www.tribunanf.com.br\/blogdoralfereis\/wp-json\/wp\/v2\/tags?post=731"}],"curies":[{"name":"wp","href":"https:\/\/api.w.org\/{rel}","templated":true}]}}