{"id":7308,"date":"2021-07-23T09:01:44","date_gmt":"2021-07-23T12:01:44","guid":{"rendered":"https:\/\/www.tribunanf.com.br\/blogdoralfereis\/?p=7308"},"modified":"2021-07-23T09:01:44","modified_gmt":"2021-07-23T12:01:44","slug":"prefeitura-de-campos-compra-r-5-milhoes-em-material-escolar","status":"publish","type":"post","link":"https:\/\/www.tribunanf.com.br\/blogdoralfereis\/2021\/07\/23\/prefeitura-de-campos-compra-r-5-milhoes-em-material-escolar\/","title":{"rendered":"Prefeitura de Campos compra R$ 5 milh\u00f5es em material escolar"},"content":{"rendered":"<p><img loading=\"lazy\" decoding=\"async\" class=\"aligncenter size-full wp-image-7045\" src=\"https:\/\/www.tribunanf.com.br\/blogdoralfereis\/wp-content\/uploads\/sites\/11\/2021\/06\/educacao.jpg\" alt=\"\" width=\"533\" height=\"400\" srcset=\"https:\/\/www.tribunanf.com.br\/blogdoralfereis\/wp-content\/uploads\/sites\/11\/2021\/06\/educacao.jpg 533w, https:\/\/www.tribunanf.com.br\/blogdoralfereis\/wp-content\/uploads\/sites\/11\/2021\/06\/educacao-300x225.jpg 300w\" sizes=\"auto, (max-width: 533px) 100vw, 533px\" \/><\/p>\n<p style=\"text-align: justify;\">A Prefeitura de Campos publicou no Di\u00e1rio Oficial desta sexta-feira (23), uma Ata de Ades\u00e3o de Registro de Pre\u00e7os para aquisi\u00e7\u00e3o de material escolar objetivando atender os alunos matriculados no ensino fundamental, na educa\u00e7\u00e3o infantil e na educa\u00e7\u00e3o de jovens e adultos nas unidades escolares da rede municipal de ensino.<\/p>\n<p style=\"text-align: justify;\">O valor \u00e9 de R$ 5.173.405,40 (cinco milh\u00f5es, cento e setenta e tr\u00eas mil, quatrocentos e cinco reais e quarenta centavos).<\/p>\n<p style=\"text-align: justify;\">O contrato \u00e9 assinado pelo secret\u00e1rio semipresencial de Educa\u00e7\u00e3o Marcelo Machado Feres.<\/p>\n<p><img loading=\"lazy\" decoding=\"async\" class=\"aligncenter size-full wp-image-7309\" src=\"https:\/\/www.tribunanf.com.br\/blogdoralfereis\/wp-content\/uploads\/sites\/11\/2021\/07\/Sem-titulo.png\" alt=\"\" width=\"414\" height=\"426\" srcset=\"https:\/\/www.tribunanf.com.br\/blogdoralfereis\/wp-content\/uploads\/sites\/11\/2021\/07\/Sem-titulo.png 414w, https:\/\/www.tribunanf.com.br\/blogdoralfereis\/wp-content\/uploads\/sites\/11\/2021\/07\/Sem-titulo-292x300.png 292w\" sizes=\"auto, (max-width: 414px) 100vw, 414px\" \/><\/p>\n","protected":false},"excerpt":{"rendered":"<p>A Prefeitura de Campos publicou no Di\u00e1rio Oficial desta sexta-feira (23), uma Ata de Ades\u00e3o de Registro de Pre\u00e7os para&#8230;<\/p>\n","protected":false},"author":2,"featured_media":7045,"comment_status":"open","ping_status":"open","sticky":false,"template":"","format":"standard","meta":{"colormag_page_container_layout":"default_layout","colormag_page_sidebar_layout":"default_layout","jetpack_post_was_ever_published":false,"_jetpack_newsletter_access":"","_jetpack_dont_email_post_to_subs":false,"_jetpack_newsletter_tier_id":0,"_jetpack_memberships_contains_paywalled_content":false,"_jetpack_memberships_contains_paid_content":false,"footnotes":""},"categories":[2],"tags":[],"class_list":["post-7308","post","type-post","status-publish","format-standard","has-post-thumbnail","hentry","category-politica"],"jetpack_featured_media_url":"https:\/\/www.tribunanf.com.br\/blogdoralfereis\/wp-content\/uploads\/sites\/11\/2021\/06\/educacao.jpg","jetpack_sharing_enabled":true,"_links":{"self":[{"href":"https:\/\/www.tribunanf.com.br\/blogdoralfereis\/wp-json\/wp\/v2\/posts\/7308","targetHints":{"allow":["GET"]}}],"collection":[{"href":"https:\/\/www.tribunanf.com.br\/blogdoralfereis\/wp-json\/wp\/v2\/posts"}],"about":[{"href":"https:\/\/www.tribunanf.com.br\/blogdoralfereis\/wp-json\/wp\/v2\/types\/post"}],"author":[{"embeddable":true,"href":"https:\/\/www.tribunanf.com.br\/blogdoralfereis\/wp-json\/wp\/v2\/users\/2"}],"replies":[{"embeddable":true,"href":"https:\/\/www.tribunanf.com.br\/blogdoralfereis\/wp-json\/wp\/v2\/comments?post=7308"}],"version-history":[{"count":0,"href":"https:\/\/www.tribunanf.com.br\/blogdoralfereis\/wp-json\/wp\/v2\/posts\/7308\/revisions"}],"wp:featuredmedia":[{"embeddable":true,"href":"https:\/\/www.tribunanf.com.br\/blogdoralfereis\/wp-json\/wp\/v2\/media\/7045"}],"wp:attachment":[{"href":"https:\/\/www.tribunanf.com.br\/blogdoralfereis\/wp-json\/wp\/v2\/media?parent=7308"}],"wp:term":[{"taxonomy":"category","embeddable":true,"href":"https:\/\/www.tribunanf.com.br\/blogdoralfereis\/wp-json\/wp\/v2\/categories?post=7308"},{"taxonomy":"post_tag","embeddable":true,"href":"https:\/\/www.tribunanf.com.br\/blogdoralfereis\/wp-json\/wp\/v2\/tags?post=7308"}],"curies":[{"name":"wp","href":"https:\/\/api.w.org\/{rel}","templated":true}]}}