{"id":729,"date":"2018-08-21T20:02:19","date_gmt":"2018-08-21T23:02:19","guid":{"rendered":"http:\/\/www.tribunanf.com.br\/blogdoralfereis\/?p=729"},"modified":"2018-08-21T20:02:19","modified_gmt":"2018-08-21T23:02:19","slug":"tre-rj-define-tempo-de-partidos-e-coligacoes-no-horario-eleitoral-gratuito","status":"publish","type":"post","link":"https:\/\/www.tribunanf.com.br\/blogdoralfereis\/2018\/08\/21\/tre-rj-define-tempo-de-partidos-e-coligacoes-no-horario-eleitoral-gratuito\/","title":{"rendered":"TRE-RJ define tempo de partidos e coliga\u00e7\u00f5es no hor\u00e1rio eleitoral gratuito"},"content":{"rendered":"<figure id=\"attachment_700\" aria-describedby=\"caption-attachment-700\" style=\"width: 680px\" class=\"wp-caption aligncenter\"><img loading=\"lazy\" decoding=\"async\" class=\"size-full wp-image-700\" src=\"http:\/\/www.tribunanf.com.br\/blogdoralfereis\/wp-content\/uploads\/sites\/11\/2018\/08\/candidatos-governador-rio.jpg\" alt=\"\" width=\"680\" height=\"453\" srcset=\"https:\/\/www.tribunanf.com.br\/blogdoralfereis\/wp-content\/uploads\/sites\/11\/2018\/08\/candidatos-governador-rio.jpg 680w, https:\/\/www.tribunanf.com.br\/blogdoralfereis\/wp-content\/uploads\/sites\/11\/2018\/08\/candidatos-governador-rio-300x200.jpg 300w\" sizes=\"auto, (max-width: 680px) 100vw, 680px\" \/><figcaption id=\"caption-attachment-700\" class=\"wp-caption-text\">Candidatos ao governo do Rio: Andr\u00e9 Monteiro (PRTB), Anthony Garotinho (PRP), Dayse Oliveira (PSTU), Eduardo Paes (DEM), \u00cdndio da Costa (PSD), Marcelo Trindade (Novo), M\u00e1rcia Tiburi (PT), Pedro Fernandes (PDT), Rom\u00e1rio (Podemos), Tarc\u00edsio Motta (PSOL) e Wilson Witzel (PSC)<\/figcaption><\/figure>\n<p style=\"text-align: justify;\">O TRE-RJ definiu, nesta ter\u00e7a-feira (21), a distribui\u00e7\u00e3o do tempo e a ordem de veicula\u00e7\u00e3o dos programas e inser\u00e7\u00f5es em r\u00e1dio e televis\u00e3o dos partidos e coliga\u00e7\u00f5es no hor\u00e1rio eleitoral gratuito, que ter\u00e1 in\u00edcio em 31 de agosto. A reuni\u00e3o foi comandada pelo coordenador da fiscaliza\u00e7\u00e3o da propaganda eleitoral no estado, juiz Mauro Nicolau J\u00fanior, que destacou a import\u00e2ncia da participa\u00e7\u00e3o dos representantes dos partidos, coliga\u00e7\u00f5es e emissoras. &#8220;Agrade\u00e7o a presen\u00e7a de todos. O objetivo desse encontro \u00e9 promover a transpar\u00eancia, lisura, objetividade do processo eleitoral&#8221;, disse o magistrado.<\/p>\n<p style=\"text-align: justify;\">Por meio de sorteio, foi definida a ordem de veicula\u00e7\u00e3o da propaganda, para o primeiro dia do hor\u00e1rio eleitoral, referente aos cargos de governador, senador, deputados federal e estadual. Conforme disposto na Resolu\u00e7\u00e3o TSE 23.551\/2017, a ordem nos dias seguintes obedece a um rod\u00edzio, ou seja, o \u00faltimo veiculado no dia anterior passa a ser o primeiro do dia seguinte, apresentando-se as demais legendas ou coliga\u00e7\u00f5es na ordem do sorteio. Para o primeiro turno, o hor\u00e1rio eleitoral gratuito na televis\u00e3o ter\u00e1 50 minutos di\u00e1rios, divididos em dois blocos de 25 minutos, de segunda a s\u00e1bado, al\u00e9m de 70 minutos em inser\u00e7\u00f5es por dia, inclusive aos domingos.<\/p>\n<p style=\"text-align: justify;\">Na disputa para o cargo de governador, a Coliga\u00e7\u00e3o For\u00e7a do Rio (DEM \/ PP \/ MDB \/ PTB \/ SOLIDARIEDADE \/ PSDB \/ PPS \/ PV \/ DC \/ PHS \/ AVANTE \/ PMN), de Eduardo Paes, ter\u00e1 o maior tempo na TV e r\u00e1dio, com 3 minutos e 43 segundos em rede e 5 minutos e 48 segundos em inser\u00e7\u00f5es, seguida da Coliga\u00e7\u00e3o Frente Popular (PT \/ PCdoB), de Marcia Tiburi, com 1 minuto e 22 segundos em rede e 2 minutos e 9 segundos em inser\u00e7\u00f5es. A Coliga\u00e7\u00e3o Renovar Para Mudar (PDT \/ PSB), de Pedro Fernandes, ter\u00e1 58 segundos em rede e 1 minuto e 31 segundos em inser\u00e7\u00f5es; a Coliga\u00e7\u00e3o A For\u00e7a Que Vem Do Povo (PODE \/ PR \/ REDE \/ PPL), de Rom\u00e1rio Faria, 44 segundos em rede e 1 minuto e 9 segundos em inser\u00e7\u00f5es; o Partido Social Democr\u00e1tico, de \u00cdndio da Costa, 40 segundos em rede e 1 minuto e 3 segundos em inser\u00e7\u00f5es; a Coliga\u00e7\u00e3o Para o Povo Voltar a Ser Feliz (PRP \/ PRB \/ PTC \/ PATRI \/ PMB), do candidato Anthony Garotinho, 32 segundos em rede e 50 segundos em inser\u00e7\u00f5es; a Coliga\u00e7\u00e3o Mais Ordem, Mais Progresso (PSC \/ PROS), de Wilson Witzel, 27 segundos em rede e 43 segundos em inser\u00e7\u00f5es.<\/p>\n<p style=\"text-align: justify;\">A Coliga\u00e7\u00e3o Mudar \u00c9 Poss\u00edvel (Psol \/ PCB), de Tarc\u00edsio Motta, ter\u00e1 9 segundos em rede e 14 segundos em inser\u00e7\u00f5es; o Partido Renovador Trabalhista Brasileiro (PRTB),\u00a0 de Andr\u00e9 Monteiro, 5 segundos em rede e 8 segundos em inser\u00e7\u00f5es; o Partido da Causa Oper\u00e1ria (PCO), de Luiz Eug\u00eanio, 4 segundos em rede e 7 segundos em inser\u00e7\u00f5es; o Partido Novo, de Marcelo Trindade, 4 segundos em rede e 7 segundos em inser\u00e7\u00f5es; e o Partido Socialista dos Trabalhadores Unificado (PSTU), de Dayse Oliveira, tamb\u00e9m 4 segundos em rede e 7 segundos em inser\u00e7\u00f5es. Os tempos para os demais cargos, bem como os planos de m\u00eddia completos e a ordem de veicula\u00e7\u00e3o podem ser consultados no site do TRE-RJ, em Elei\u00e7\u00f5es&gt;Elei\u00e7\u00f5es 2018&gt;Propaganda Eleitoral &gt; Hor\u00e1rio Eleitoral. A ata da reuni\u00e3o tamb\u00e9m ser\u00e1 disponibilizada at\u00e9 esta quarta-feira (22) no mesmo endere\u00e7o eletr\u00f4nico.<\/p>\n<p style=\"text-align: justify;\">Conforme prev\u00ea a Lei das Elei\u00e7\u00f5es (Lei n\u00ba 9.504\/97), a divis\u00e3o do tempo da propaganda no r\u00e1dio e na TV \u00e9 feita da seguinte forma: 90% distribu\u00eddos proporcionalmente ao n\u00famero de representantes que o partido tenha na C\u00e2mara dos Deputados, considerados, no caso de coliga\u00e7\u00e3o para elei\u00e7\u00f5es majorit\u00e1rias, o resultado da soma do n\u00famero de representantes dos seis maiores partidos que a integrem e, nos casos de coliga\u00e7\u00f5es para elei\u00e7\u00f5es proporcionais, o resultado da soma do n\u00famero de representantes de todos os partidos que a integrem. Os outros 10% devem ser distribu\u00eddos igualitariamente.<\/p>\n<p style=\"text-align: justify;\"><b>Debate aberto com partidos e emissoras<\/b><\/p>\n<p style=\"text-align: justify;\">Durante a reuni\u00e3o, ficou acordado que os partidos e coliga\u00e7\u00f5es entregar\u00e3o as m\u00eddias com as propagandas gravadas em meio f\u00edsico, e opcionalmente por meio eletr\u00f4nico, conforme a disponibilidade definida pelas emissoras para os tipos de arquivos e meios de recebimento.<\/p>\n<p style=\"text-align: justify;\">O advogado Luciano Alvarenga, representando o Partido Democr\u00e1tico Trabalhista (PDT), ressaltou a import\u00e2ncia das reuni\u00f5es realizadas no TRE-RJ. &#8220;O trabalho de orienta\u00e7\u00e3o que o\u00a0 Tribunal vem fazendo \u00e9 fundamental para o bom andamento do processo eleitoral. Esse di\u00e1logo aberto com os partidos pol\u00edticos, com possibilidade de se discutir e estabelecer conjuntamente pontos importantes do hor\u00e1rio eleitoral gratuito e da propaganda como um todo, \u00e9 justamente o que esperamos&#8221;, opinou.<\/p>\n<p style=\"text-align: justify;\">O t\u00e9cnico da R\u00e1dio Nacional Andr\u00e9 Fontana disse que sempre &#8220;faz quest\u00e3o&#8221; de comparecer \u00e0s reuni\u00f5es convocadas pelo TRE-RJ. &#8220;Em todo pleito, sempre h\u00e1 alguma mudan\u00e7a de regra ou de procedimento que precisamos saber para fazer bem o nosso trabalho e n\u00e3o sermos pegos de surpresa&#8221;, explicou. Filipe Parente, da TV Brasil, concordou: &#8220;Quando o hor\u00e1rio gratuito tem in\u00edcio, o trabalho da \u00e1rea t\u00e9cnica fica ainda mais corrido. Temos que estar preparados para resolver rapidamente todos os imprevistos, da\u00ed a import\u00e2ncia de conhecer e debater antes o assunto&#8221;, destacou.<\/p>\n<p>Fonte: TRE-RJ<\/p>\n","protected":false},"excerpt":{"rendered":"<p>O TRE-RJ definiu, nesta ter\u00e7a-feira (21), a distribui\u00e7\u00e3o do tempo e a ordem de veicula\u00e7\u00e3o dos programas e inser\u00e7\u00f5es em&#8230;<\/p>\n","protected":false},"author":2,"featured_media":700,"comment_status":"open","ping_status":"open","sticky":false,"template":"","format":"standard","meta":{"colormag_page_container_layout":"default_layout","colormag_page_sidebar_layout":"default_layout","jetpack_post_was_ever_published":false,"_jetpack_newsletter_access":"","_jetpack_dont_email_post_to_subs":false,"_jetpack_newsletter_tier_id":0,"_jetpack_memberships_contains_paywalled_content":false,"_jetpack_memberships_contains_paid_content":false,"footnotes":""},"categories":[2],"tags":[],"class_list":["post-729","post","type-post","status-publish","format-standard","has-post-thumbnail","hentry","category-politica"],"jetpack_featured_media_url":"https:\/\/www.tribunanf.com.br\/blogdoralfereis\/wp-content\/uploads\/sites\/11\/2018\/08\/candidatos-governador-rio.jpg","jetpack_sharing_enabled":true,"_links":{"self":[{"href":"https:\/\/www.tribunanf.com.br\/blogdoralfereis\/wp-json\/wp\/v2\/posts\/729","targetHints":{"allow":["GET"]}}],"collection":[{"href":"https:\/\/www.tribunanf.com.br\/blogdoralfereis\/wp-json\/wp\/v2\/posts"}],"about":[{"href":"https:\/\/www.tribunanf.com.br\/blogdoralfereis\/wp-json\/wp\/v2\/types\/post"}],"author":[{"embeddable":true,"href":"https:\/\/www.tribunanf.com.br\/blogdoralfereis\/wp-json\/wp\/v2\/users\/2"}],"replies":[{"embeddable":true,"href":"https:\/\/www.tribunanf.com.br\/blogdoralfereis\/wp-json\/wp\/v2\/comments?post=729"}],"version-history":[{"count":0,"href":"https:\/\/www.tribunanf.com.br\/blogdoralfereis\/wp-json\/wp\/v2\/posts\/729\/revisions"}],"wp:featuredmedia":[{"embeddable":true,"href":"https:\/\/www.tribunanf.com.br\/blogdoralfereis\/wp-json\/wp\/v2\/media\/700"}],"wp:attachment":[{"href":"https:\/\/www.tribunanf.com.br\/blogdoralfereis\/wp-json\/wp\/v2\/media?parent=729"}],"wp:term":[{"taxonomy":"category","embeddable":true,"href":"https:\/\/www.tribunanf.com.br\/blogdoralfereis\/wp-json\/wp\/v2\/categories?post=729"},{"taxonomy":"post_tag","embeddable":true,"href":"https:\/\/www.tribunanf.com.br\/blogdoralfereis\/wp-json\/wp\/v2\/tags?post=729"}],"curies":[{"name":"wp","href":"https:\/\/api.w.org\/{rel}","templated":true}]}}