{"id":726,"date":"2018-08-21T08:24:23","date_gmt":"2018-08-21T11:24:23","guid":{"rendered":"http:\/\/www.tribunanf.com.br\/blogdoralfereis\/?p=726"},"modified":"2018-08-21T08:24:23","modified_gmt":"2018-08-21T11:24:23","slug":"ibope-governo-pezao-e-aprovado-por-2-e-reprovado-por-83","status":"publish","type":"post","link":"https:\/\/www.tribunanf.com.br\/blogdoralfereis\/2018\/08\/21\/ibope-governo-pezao-e-aprovado-por-2-e-reprovado-por-83\/","title":{"rendered":"Ibope: governo Pez\u00e3o \u00e9 aprovado por 2% e reprovado por 83%"},"content":{"rendered":"<div class=\"mc-column content-text active-extra-styles active-capital-letter\" data-block-type=\"unstyled\" data-block-weight=\"19\" data-block-id=\"1\">\n<p data-track-category=\"Link no Texto\" data-track-links=\"\"><img loading=\"lazy\" decoding=\"async\" class=\"aligncenter size-full wp-image-727\" src=\"http:\/\/www.tribunanf.com.br\/blogdoralfereis\/wp-content\/uploads\/sites\/11\/2018\/08\/pezao.jpg\" alt=\"\" width=\"652\" height=\"408\" srcset=\"https:\/\/www.tribunanf.com.br\/blogdoralfereis\/wp-content\/uploads\/sites\/11\/2018\/08\/pezao.jpg 652w, https:\/\/www.tribunanf.com.br\/blogdoralfereis\/wp-content\/uploads\/sites\/11\/2018\/08\/pezao-300x188.jpg 300w\" sizes=\"auto, (max-width: 652px) 100vw, 652px\" \/><\/p>\n<p class=\"content-text__container theme-color-primary-first-letter\" style=\"text-align: justify;\" data-track-category=\"Link no Texto\" data-track-links=\"\">Pesquisa Ibope divulgada na segunda-feira (20) mostra os seguintes percentuais de avalia\u00e7\u00e3o do governo de Luiz Fernando Pez\u00e3o (MDB):<\/p>\n<\/div>\n<div class=\"wall\">\n<div class=\"mc-column content-text active-extra-styles\" style=\"text-align: justify;\" data-block-type=\"raw\" data-block-weight=\"10\" data-block-id=\"2\">\n<ul class=\"content-unordered-list\">\n<li>\u00d3timo\/bom: 2%<\/li>\n<li>Regular: 12%<\/li>\n<li>Ruim\/p\u00e9ssima: 83%<\/li>\n<li>N\u00e3o sabem avaliar: 2%<\/li>\n<\/ul>\n<\/div>\n<div class=\"mc-column content-text active-extra-styles \" style=\"text-align: justify;\" data-block-type=\"unstyled\" data-block-weight=\"17\" data-block-id=\"3\">\n<p class=\"content-text__container \" data-track-category=\"Link no Texto\" data-track-links=\"\">A pesquisa foi encomendada pela TV Globo e pela Editora Globo, que edita o jornal O Globo.<\/p>\n<p class=\"content-text__container \" data-track-category=\"Link no Texto\" data-track-links=\"\"><strong>Sobre a pesquisa<\/strong><\/p>\n<\/div>\n<div class=\"mc-column content-text active-extra-styles\" style=\"text-align: justify;\" data-block-type=\"raw\" data-block-weight=\"78\" data-block-id=\"5\">\n<ul class=\"content-unordered-list\">\n<li>Margem de erro: 3 pontos percentuais para mais ou para menos<\/li>\n<li>Quem foi ouvido: 1.204 eleitores em 39 munic\u00edpios de todas as regi\u00f5es do estado, com 16 anos ou mais<\/li>\n<li>Quando a pesquisa foi feita: 17 e 20 de agosto<\/li>\n<li>Registro no TRE: RJ-03249\/2018<\/li>\n<li>Registro no TSE: BR\u201000596\/2018<\/li>\n<li>O n\u00edvel de confian\u00e7a utilizado \u00e9 de 95%. Isso quer dizer que h\u00e1 uma probabilidade de 95% de os resultados retratarem o atual momento eleitoral, considerando a margem de erro<\/li>\n<\/ul>\n<\/div>\n<div class=\"mc-column content-text active-extra-styles\" style=\"text-align: justify;\" data-block-type=\"raw\" data-block-weight=\"3\" data-block-id=\"6\">\n<div class=\"content-intertitle\">\n<p><strong>Maneira de governar<\/strong><\/p>\n<\/div>\n<\/div>\n<div class=\"mc-column content-text active-extra-styles \" style=\"text-align: justify;\" data-block-type=\"unstyled\" data-block-weight=\"23\" data-block-id=\"7\">\n<p class=\"content-text__container \" data-track-category=\"Link no Texto\" data-track-links=\"\">A pesquisa tamb\u00e9m avaliou a opini\u00e3o dos entrevistados sobre a maneira de governar de Luiz Fernando Pez\u00e3o (MDB). Os resultados s\u00e3o os seguintes:<\/p>\n<\/div>\n<div class=\"mc-column content-text active-extra-styles\" data-block-type=\"raw\" data-block-weight=\"8\" data-block-id=\"8\">\n<ul class=\"content-unordered-list\" style=\"text-align: justify;\">\n<li>Aprovam: 6%<\/li>\n<li>Desaprovam: 91%<\/li>\n<li>N\u00e3o sabem avaliar: 3%<\/li>\n<\/ul>\n<p style=\"text-align: justify;\">Fonte:G1<\/p>\n<\/div>\n<\/div>\n","protected":false},"excerpt":{"rendered":"<p>Pesquisa Ibope divulgada na segunda-feira (20) mostra os seguintes percentuais de avalia\u00e7\u00e3o do governo de Luiz Fernando Pez\u00e3o (MDB): \u00d3timo\/bom:&#8230;<\/p>\n","protected":false},"author":2,"featured_media":727,"comment_status":"open","ping_status":"open","sticky":false,"template":"","format":"standard","meta":{"colormag_page_container_layout":"default_layout","colormag_page_sidebar_layout":"default_layout","jetpack_post_was_ever_published":false,"_jetpack_newsletter_access":"","_jetpack_dont_email_post_to_subs":false,"_jetpack_newsletter_tier_id":0,"_jetpack_memberships_contains_paywalled_content":false,"_jetpack_memberships_contains_paid_content":false,"footnotes":""},"categories":[2],"tags":[],"class_list":["post-726","post","type-post","status-publish","format-standard","has-post-thumbnail","hentry","category-politica"],"jetpack_featured_media_url":"https:\/\/www.tribunanf.com.br\/blogdoralfereis\/wp-content\/uploads\/sites\/11\/2018\/08\/pezao.jpg","jetpack_sharing_enabled":true,"_links":{"self":[{"href":"https:\/\/www.tribunanf.com.br\/blogdoralfereis\/wp-json\/wp\/v2\/posts\/726","targetHints":{"allow":["GET"]}}],"collection":[{"href":"https:\/\/www.tribunanf.com.br\/blogdoralfereis\/wp-json\/wp\/v2\/posts"}],"about":[{"href":"https:\/\/www.tribunanf.com.br\/blogdoralfereis\/wp-json\/wp\/v2\/types\/post"}],"author":[{"embeddable":true,"href":"https:\/\/www.tribunanf.com.br\/blogdoralfereis\/wp-json\/wp\/v2\/users\/2"}],"replies":[{"embeddable":true,"href":"https:\/\/www.tribunanf.com.br\/blogdoralfereis\/wp-json\/wp\/v2\/comments?post=726"}],"version-history":[{"count":0,"href":"https:\/\/www.tribunanf.com.br\/blogdoralfereis\/wp-json\/wp\/v2\/posts\/726\/revisions"}],"wp:featuredmedia":[{"embeddable":true,"href":"https:\/\/www.tribunanf.com.br\/blogdoralfereis\/wp-json\/wp\/v2\/media\/727"}],"wp:attachment":[{"href":"https:\/\/www.tribunanf.com.br\/blogdoralfereis\/wp-json\/wp\/v2\/media?parent=726"}],"wp:term":[{"taxonomy":"category","embeddable":true,"href":"https:\/\/www.tribunanf.com.br\/blogdoralfereis\/wp-json\/wp\/v2\/categories?post=726"},{"taxonomy":"post_tag","embeddable":true,"href":"https:\/\/www.tribunanf.com.br\/blogdoralfereis\/wp-json\/wp\/v2\/tags?post=726"}],"curies":[{"name":"wp","href":"https:\/\/api.w.org\/{rel}","templated":true}]}}