{"id":7117,"date":"2021-06-23T11:16:18","date_gmt":"2021-06-23T14:16:18","guid":{"rendered":"https:\/\/www.tribunanf.com.br\/blogdoralfereis\/?p=7117"},"modified":"2021-06-23T11:16:45","modified_gmt":"2021-06-23T14:16:45","slug":"cpi-da-covid-aprova-sessao-secreta-com-wilson-witzel","status":"publish","type":"post","link":"https:\/\/www.tribunanf.com.br\/blogdoralfereis\/2021\/06\/23\/cpi-da-covid-aprova-sessao-secreta-com-wilson-witzel\/","title":{"rendered":"CPI da Covid aprova sess\u00e3o secreta com Wilson Witzel"},"content":{"rendered":"<p><img loading=\"lazy\" decoding=\"async\" class=\"aligncenter size-large wp-image-7064\" src=\"https:\/\/www.tribunanf.com.br\/blogdoralfereis\/wp-content\/uploads\/sites\/11\/2021\/06\/Wilson-Witzel-CPI-da-Pandemia-2-2_Easy-Resize.com_-1024x562.jpg\" alt=\"\" width=\"800\" height=\"439\" srcset=\"https:\/\/www.tribunanf.com.br\/blogdoralfereis\/wp-content\/uploads\/sites\/11\/2021\/06\/Wilson-Witzel-CPI-da-Pandemia-2-2_Easy-Resize.com_-1024x562.jpg 1024w, https:\/\/www.tribunanf.com.br\/blogdoralfereis\/wp-content\/uploads\/sites\/11\/2021\/06\/Wilson-Witzel-CPI-da-Pandemia-2-2_Easy-Resize.com_-300x165.jpg 300w, https:\/\/www.tribunanf.com.br\/blogdoralfereis\/wp-content\/uploads\/sites\/11\/2021\/06\/Wilson-Witzel-CPI-da-Pandemia-2-2_Easy-Resize.com_-768x421.jpg 768w, https:\/\/www.tribunanf.com.br\/blogdoralfereis\/wp-content\/uploads\/sites\/11\/2021\/06\/Wilson-Witzel-CPI-da-Pandemia-2-2_Easy-Resize.com_.jpg 1280w\" sizes=\"auto, (max-width: 800px) 100vw, 800px\" \/><\/p>\n<p style=\"text-align: justify;\">A CPI da Covid aprovou requerimento para realizar uma sess\u00e3o secreta com o ex-governador do Rio de Janeiro Wilson Witzel.<\/p>\n<p style=\"text-align: justify;\">Na semana passada, ele disse que revelaria \u201cfato grav\u00edssimo\u201d, ao ser questionado sobre interfer\u00eancias do governo federal na Pol\u00edcia Federal no estado.<\/p>\n<p style=\"text-align: justify;\">O presidente da comiss\u00e3o, Omar Aziz (PSD-AM), disse na sess\u00e3o de hoje que ainda vai analisar quando e como ser\u00e1 feita a audi\u00eancia.<\/p>\n","protected":false},"excerpt":{"rendered":"<p>A CPI da Covid aprovou requerimento para realizar uma sess\u00e3o secreta com o ex-governador do Rio de Janeiro Wilson Witzel&#8230;.<\/p>\n","protected":false},"author":2,"featured_media":7064,"comment_status":"open","ping_status":"open","sticky":false,"template":"","format":"standard","meta":{"colormag_page_container_layout":"default_layout","colormag_page_sidebar_layout":"default_layout","jetpack_post_was_ever_published":false,"_jetpack_newsletter_access":"","_jetpack_dont_email_post_to_subs":false,"_jetpack_newsletter_tier_id":0,"_jetpack_memberships_contains_paywalled_content":false,"_jetpack_memberships_contains_paid_content":false,"footnotes":""},"categories":[2],"tags":[],"class_list":["post-7117","post","type-post","status-publish","format-standard","has-post-thumbnail","hentry","category-politica"],"jetpack_featured_media_url":"https:\/\/www.tribunanf.com.br\/blogdoralfereis\/wp-content\/uploads\/sites\/11\/2021\/06\/Wilson-Witzel-CPI-da-Pandemia-2-2_Easy-Resize.com_.jpg","jetpack_sharing_enabled":true,"_links":{"self":[{"href":"https:\/\/www.tribunanf.com.br\/blogdoralfereis\/wp-json\/wp\/v2\/posts\/7117","targetHints":{"allow":["GET"]}}],"collection":[{"href":"https:\/\/www.tribunanf.com.br\/blogdoralfereis\/wp-json\/wp\/v2\/posts"}],"about":[{"href":"https:\/\/www.tribunanf.com.br\/blogdoralfereis\/wp-json\/wp\/v2\/types\/post"}],"author":[{"embeddable":true,"href":"https:\/\/www.tribunanf.com.br\/blogdoralfereis\/wp-json\/wp\/v2\/users\/2"}],"replies":[{"embeddable":true,"href":"https:\/\/www.tribunanf.com.br\/blogdoralfereis\/wp-json\/wp\/v2\/comments?post=7117"}],"version-history":[{"count":0,"href":"https:\/\/www.tribunanf.com.br\/blogdoralfereis\/wp-json\/wp\/v2\/posts\/7117\/revisions"}],"wp:featuredmedia":[{"embeddable":true,"href":"https:\/\/www.tribunanf.com.br\/blogdoralfereis\/wp-json\/wp\/v2\/media\/7064"}],"wp:attachment":[{"href":"https:\/\/www.tribunanf.com.br\/blogdoralfereis\/wp-json\/wp\/v2\/media?parent=7117"}],"wp:term":[{"taxonomy":"category","embeddable":true,"href":"https:\/\/www.tribunanf.com.br\/blogdoralfereis\/wp-json\/wp\/v2\/categories?post=7117"},{"taxonomy":"post_tag","embeddable":true,"href":"https:\/\/www.tribunanf.com.br\/blogdoralfereis\/wp-json\/wp\/v2\/tags?post=7117"}],"curies":[{"name":"wp","href":"https:\/\/api.w.org\/{rel}","templated":true}]}}