{"id":7115,"date":"2021-06-23T10:47:10","date_gmt":"2021-06-23T13:47:10","guid":{"rendered":"https:\/\/www.tribunanf.com.br\/blogdoralfereis\/?p=7115"},"modified":"2021-06-23T10:49:23","modified_gmt":"2021-06-23T13:49:23","slug":"cpi-quebra-sigilo-de-responsaveis-por-gestao-dos-hospitais-no-rio","status":"publish","type":"post","link":"https:\/\/www.tribunanf.com.br\/blogdoralfereis\/2021\/06\/23\/cpi-quebra-sigilo-de-responsaveis-por-gestao-dos-hospitais-no-rio\/","title":{"rendered":"CPI quebra sigilo de respons\u00e1veis por gest\u00e3o dos hospitais no Rio"},"content":{"rendered":"<p><img loading=\"lazy\" decoding=\"async\" class=\"aligncenter size-large wp-image-7067\" src=\"https:\/\/www.tribunanf.com.br\/blogdoralfereis\/wp-content\/uploads\/sites\/11\/2021\/06\/Wilson-Witzel-CPI-da-Pandemia-2-1_Easy-Resize.com_-1024x683.jpg\" alt=\"\" width=\"800\" height=\"534\" \/><\/p>\n<p style=\"text-align: justify;\">A CPI da Covid determinou h\u00e1 pouco a quebra dos sigilos banc\u00e1rio e fiscal de seis entidades respons\u00e1veis pela gest\u00e3o de hospitais no Rio de Janeiro.<\/p>\n<p style=\"text-align: justify;\">Os senadores levantaram o sigilo do Instituto Unir Sa\u00fade, do Instituto IABAS, do Instituto Diva Alves do Brasil (IDAB) e das Organiza\u00e7\u00f5es Sociais (OSs) Nova Esperan\u00e7a, Mahatma Gandhi e Rio dos Lagos.<\/p>\n<p style=\"text-align: justify;\">As quebras de sigilo t\u00eam o objetivo de obter mais informa\u00e7\u00f5es sobre irregularidades na gest\u00e3o de recursos p\u00fablicos ao longo da pandemia de Covid e para checar informa\u00e7\u00f5es dadas pelo ex-governador Wilson Witzel.<\/p>\n","protected":false},"excerpt":{"rendered":"<p>A CPI da Covid determinou h\u00e1 pouco a quebra dos sigilos banc\u00e1rio e fiscal de seis entidades respons\u00e1veis pela gest\u00e3o&#8230;<\/p>\n","protected":false},"author":2,"featured_media":7067,"comment_status":"open","ping_status":"open","sticky":false,"template":"","format":"standard","meta":{"colormag_page_container_layout":"default_layout","colormag_page_sidebar_layout":"default_layout","jetpack_post_was_ever_published":false,"_jetpack_newsletter_access":"","_jetpack_dont_email_post_to_subs":false,"_jetpack_newsletter_tier_id":0,"_jetpack_memberships_contains_paywalled_content":false,"_jetpack_memberships_contains_paid_content":false,"footnotes":""},"categories":[2],"tags":[],"class_list":["post-7115","post","type-post","status-publish","format-standard","has-post-thumbnail","hentry","category-politica"],"jetpack_featured_media_url":"https:\/\/www.tribunanf.com.br\/blogdoralfereis\/wp-content\/uploads\/sites\/11\/2021\/06\/Wilson-Witzel-CPI-da-Pandemia-2-1_Easy-Resize.com_-e1623864778630.jpg","jetpack_sharing_enabled":true,"_links":{"self":[{"href":"https:\/\/www.tribunanf.com.br\/blogdoralfereis\/wp-json\/wp\/v2\/posts\/7115","targetHints":{"allow":["GET"]}}],"collection":[{"href":"https:\/\/www.tribunanf.com.br\/blogdoralfereis\/wp-json\/wp\/v2\/posts"}],"about":[{"href":"https:\/\/www.tribunanf.com.br\/blogdoralfereis\/wp-json\/wp\/v2\/types\/post"}],"author":[{"embeddable":true,"href":"https:\/\/www.tribunanf.com.br\/blogdoralfereis\/wp-json\/wp\/v2\/users\/2"}],"replies":[{"embeddable":true,"href":"https:\/\/www.tribunanf.com.br\/blogdoralfereis\/wp-json\/wp\/v2\/comments?post=7115"}],"version-history":[{"count":0,"href":"https:\/\/www.tribunanf.com.br\/blogdoralfereis\/wp-json\/wp\/v2\/posts\/7115\/revisions"}],"wp:featuredmedia":[{"embeddable":true,"href":"https:\/\/www.tribunanf.com.br\/blogdoralfereis\/wp-json\/wp\/v2\/media\/7067"}],"wp:attachment":[{"href":"https:\/\/www.tribunanf.com.br\/blogdoralfereis\/wp-json\/wp\/v2\/media?parent=7115"}],"wp:term":[{"taxonomy":"category","embeddable":true,"href":"https:\/\/www.tribunanf.com.br\/blogdoralfereis\/wp-json\/wp\/v2\/categories?post=7115"},{"taxonomy":"post_tag","embeddable":true,"href":"https:\/\/www.tribunanf.com.br\/blogdoralfereis\/wp-json\/wp\/v2\/tags?post=7115"}],"curies":[{"name":"wp","href":"https:\/\/api.w.org\/{rel}","templated":true}]}}