{"id":7083,"date":"2021-06-17T21:27:19","date_gmt":"2021-06-18T00:27:19","guid":{"rendered":"https:\/\/www.tribunanf.com.br\/blogdoralfereis\/?p=7083"},"modified":"2021-06-17T21:27:19","modified_gmt":"2021-06-18T00:27:19","slug":"aziz-diz-que-cpi-nao-fara-ouvido-de-mercador-as-acusacoes-de-wilson-witzel","status":"publish","type":"post","link":"https:\/\/www.tribunanf.com.br\/blogdoralfereis\/2021\/06\/17\/aziz-diz-que-cpi-nao-fara-ouvido-de-mercador-as-acusacoes-de-wilson-witzel\/","title":{"rendered":"Aziz diz que CPI n\u00e3o far\u00e1 &#8216;ouvido de mercador&#8217; \u00e0s acusa\u00e7\u00f5es de Wilson Witzel"},"content":{"rendered":"<p><img loading=\"lazy\" decoding=\"async\" class=\"aligncenter size-full wp-image-7084\" src=\"https:\/\/www.tribunanf.com.br\/blogdoralfereis\/wp-content\/uploads\/sites\/11\/2021\/06\/omar-aziz.jpg\" alt=\"\" width=\"750\" height=\"500\" srcset=\"https:\/\/www.tribunanf.com.br\/blogdoralfereis\/wp-content\/uploads\/sites\/11\/2021\/06\/omar-aziz.jpg 750w, https:\/\/www.tribunanf.com.br\/blogdoralfereis\/wp-content\/uploads\/sites\/11\/2021\/06\/omar-aziz-300x200.jpg 300w\" sizes=\"auto, (max-width: 750px) 100vw, 750px\" \/><\/p>\n<p style=\"text-align: justify;\">O senador Omar Aziz (PSD-AM), presidente da CPI da Pandemia, classificou como &#8220;graves&#8221; as acusa\u00e7\u00f5es feitas pelo ex-governador do Rio de Janeiro Wilson Witzel (PSC) durante depoimento no Senado. As informa\u00e7\u00f5es s\u00e3o da \u00e2ncora da CNN Daniela Lima.<\/p>\n<p style=\"text-align: justify;\">Aziz afirmou que a comiss\u00e3o n\u00e3o vai fazer &#8220;ouvido de mercador&#8221; \u00e0s alega\u00e7\u00f5es de Witzel sobre o sistema de sa\u00fade federal do Rio. Na oitiva de quarta-feira (16), o ex-governador chegou a dizer que a sa\u00fade do estado tinha dono e insinuou atua\u00e7\u00e3o de organiza\u00e7\u00f5es criminosas. Esse, segundo Aziz, ser\u00e1 o novo foco da CPI a partir de agora.<\/p>\n<p style=\"text-align: justify;\">O presidente da comiss\u00e3o confirmou que a sess\u00e3o secreta solicitada por Witzel ir\u00e1 ocorrer.<\/p>\n","protected":false},"excerpt":{"rendered":"<p>O senador Omar Aziz (PSD-AM), presidente da CPI da Pandemia, classificou como &#8220;graves&#8221; as acusa\u00e7\u00f5es feitas pelo ex-governador do Rio&#8230;<\/p>\n","protected":false},"author":2,"featured_media":7084,"comment_status":"open","ping_status":"open","sticky":false,"template":"","format":"standard","meta":{"colormag_page_container_layout":"default_layout","colormag_page_sidebar_layout":"default_layout","jetpack_post_was_ever_published":false,"_jetpack_newsletter_access":"","_jetpack_dont_email_post_to_subs":false,"_jetpack_newsletter_tier_id":0,"_jetpack_memberships_contains_paywalled_content":false,"_jetpack_memberships_contains_paid_content":false,"footnotes":""},"categories":[2],"tags":[],"class_list":["post-7083","post","type-post","status-publish","format-standard","has-post-thumbnail","hentry","category-politica"],"jetpack_featured_media_url":"https:\/\/www.tribunanf.com.br\/blogdoralfereis\/wp-content\/uploads\/sites\/11\/2021\/06\/omar-aziz.jpg","jetpack_sharing_enabled":true,"_links":{"self":[{"href":"https:\/\/www.tribunanf.com.br\/blogdoralfereis\/wp-json\/wp\/v2\/posts\/7083","targetHints":{"allow":["GET"]}}],"collection":[{"href":"https:\/\/www.tribunanf.com.br\/blogdoralfereis\/wp-json\/wp\/v2\/posts"}],"about":[{"href":"https:\/\/www.tribunanf.com.br\/blogdoralfereis\/wp-json\/wp\/v2\/types\/post"}],"author":[{"embeddable":true,"href":"https:\/\/www.tribunanf.com.br\/blogdoralfereis\/wp-json\/wp\/v2\/users\/2"}],"replies":[{"embeddable":true,"href":"https:\/\/www.tribunanf.com.br\/blogdoralfereis\/wp-json\/wp\/v2\/comments?post=7083"}],"version-history":[{"count":0,"href":"https:\/\/www.tribunanf.com.br\/blogdoralfereis\/wp-json\/wp\/v2\/posts\/7083\/revisions"}],"wp:featuredmedia":[{"embeddable":true,"href":"https:\/\/www.tribunanf.com.br\/blogdoralfereis\/wp-json\/wp\/v2\/media\/7084"}],"wp:attachment":[{"href":"https:\/\/www.tribunanf.com.br\/blogdoralfereis\/wp-json\/wp\/v2\/media?parent=7083"}],"wp:term":[{"taxonomy":"category","embeddable":true,"href":"https:\/\/www.tribunanf.com.br\/blogdoralfereis\/wp-json\/wp\/v2\/categories?post=7083"},{"taxonomy":"post_tag","embeddable":true,"href":"https:\/\/www.tribunanf.com.br\/blogdoralfereis\/wp-json\/wp\/v2\/tags?post=7083"}],"curies":[{"name":"wp","href":"https:\/\/api.w.org\/{rel}","templated":true}]}}