{"id":7081,"date":"2021-06-17T11:31:30","date_gmt":"2021-06-17T14:31:30","guid":{"rendered":"https:\/\/www.tribunanf.com.br\/blogdoralfereis\/?p=7081"},"modified":"2021-06-17T11:31:30","modified_gmt":"2021-06-17T14:31:30","slug":"cpi-da-covid-vai-votar-nesta-sexta-convocacao-de-governador-do-rio-claudio-castro","status":"publish","type":"post","link":"https:\/\/www.tribunanf.com.br\/blogdoralfereis\/2021\/06\/17\/cpi-da-covid-vai-votar-nesta-sexta-convocacao-de-governador-do-rio-claudio-castro\/","title":{"rendered":"CPI da Covid vai votar nesta sexta convoca\u00e7\u00e3o de governador do Rio, Claudio Castro"},"content":{"rendered":"<p><img loading=\"lazy\" decoding=\"async\" class=\"aligncenter size-full wp-image-6503\" src=\"https:\/\/www.tribunanf.com.br\/blogdoralfereis\/wp-content\/uploads\/sites\/11\/2021\/03\/castro.jpg\" alt=\"\" width=\"600\" height=\"445\" srcset=\"https:\/\/www.tribunanf.com.br\/blogdoralfereis\/wp-content\/uploads\/sites\/11\/2021\/03\/castro.jpg 600w, https:\/\/www.tribunanf.com.br\/blogdoralfereis\/wp-content\/uploads\/sites\/11\/2021\/03\/castro-300x223.jpg 300w\" sizes=\"auto, (max-width: 600px) 100vw, 600px\" \/><\/p>\n<p style=\"text-align: justify;\">A CPI da Covid marcou para sexta-feira a vota\u00e7\u00e3o dos requerimentos de convoca\u00e7\u00e3o do governador do Rio de Janeiro, Claudio Castro, e do secret\u00e1rio de Sa\u00fade estadual, Alexandre Chieppe. Tamb\u00e9m v\u00e3o decidir se ser\u00e1 realizada uma sess\u00e3o secreta para ouvir o ex-governador Wilson Witzel, e a <a href=\"https:\/\/www.tribunanf.com.br\/blogdoralfereis\/2021\/06\/16\/cpi-vai-quebrar-sigilo-de-7-oss-que-atuam-no-rio-listadas-por-witzel\/\">quebra do sigilo de organiza\u00e7\u00f5es sociais respons\u00e1vel pela gest\u00e3o de hospitais no Rio.<\/a><\/p>\n<p style=\"text-align: justify;\">No depoimento que prestou na quarta-feira, Witzel disse que h\u00e1 fatos sobres os quais n\u00e3o falaria na sess\u00e3o, mas que poderia esclarecer numa reuni\u00e3o reservada.<\/p>\n<p style=\"text-align: justify;\">\u2014 Eu vou falar aqui, sem nominar o fato, mas farei reservadamente, que houve conversas ao longo da noite com Ministro do STJ para poder fazer busca e apreens\u00e3o em Estados da Federa\u00e7\u00e3o \u2014 disse Witzel na quarta.<\/p>\n<p style=\"text-align: justify;\">Ele tamb\u00e9m afirmou:<\/p>\n<p style=\"text-align: justify;\">\u2014 Ent\u00e3o, nesta reuni\u00e3o, eu fa\u00e7o quest\u00e3o de apresentar elementos para iniciar uma investiga\u00e7\u00e3o contra pessoas que est\u00e3o desvirtuando a atua\u00e7\u00e3o funcional. E n\u00f3s vamos descobrir quem est\u00e1 patrocinando investiga\u00e7\u00e3o contra governador.<\/p>\n<p style=\"text-align: justify;\">O Globo*<\/p>\n","protected":false},"excerpt":{"rendered":"<p>A CPI da Covid marcou para sexta-feira a vota\u00e7\u00e3o dos requerimentos de convoca\u00e7\u00e3o do governador do Rio de Janeiro, Claudio&#8230;<\/p>\n","protected":false},"author":2,"featured_media":6503,"comment_status":"open","ping_status":"open","sticky":false,"template":"","format":"standard","meta":{"colormag_page_container_layout":"default_layout","colormag_page_sidebar_layout":"default_layout","jetpack_post_was_ever_published":false,"_jetpack_newsletter_access":"","_jetpack_dont_email_post_to_subs":false,"_jetpack_newsletter_tier_id":0,"_jetpack_memberships_contains_paywalled_content":false,"_jetpack_memberships_contains_paid_content":false,"footnotes":""},"categories":[2],"tags":[],"class_list":["post-7081","post","type-post","status-publish","format-standard","has-post-thumbnail","hentry","category-politica"],"jetpack_featured_media_url":"https:\/\/www.tribunanf.com.br\/blogdoralfereis\/wp-content\/uploads\/sites\/11\/2021\/03\/castro.jpg","jetpack_sharing_enabled":true,"_links":{"self":[{"href":"https:\/\/www.tribunanf.com.br\/blogdoralfereis\/wp-json\/wp\/v2\/posts\/7081","targetHints":{"allow":["GET"]}}],"collection":[{"href":"https:\/\/www.tribunanf.com.br\/blogdoralfereis\/wp-json\/wp\/v2\/posts"}],"about":[{"href":"https:\/\/www.tribunanf.com.br\/blogdoralfereis\/wp-json\/wp\/v2\/types\/post"}],"author":[{"embeddable":true,"href":"https:\/\/www.tribunanf.com.br\/blogdoralfereis\/wp-json\/wp\/v2\/users\/2"}],"replies":[{"embeddable":true,"href":"https:\/\/www.tribunanf.com.br\/blogdoralfereis\/wp-json\/wp\/v2\/comments?post=7081"}],"version-history":[{"count":0,"href":"https:\/\/www.tribunanf.com.br\/blogdoralfereis\/wp-json\/wp\/v2\/posts\/7081\/revisions"}],"wp:featuredmedia":[{"embeddable":true,"href":"https:\/\/www.tribunanf.com.br\/blogdoralfereis\/wp-json\/wp\/v2\/media\/6503"}],"wp:attachment":[{"href":"https:\/\/www.tribunanf.com.br\/blogdoralfereis\/wp-json\/wp\/v2\/media?parent=7081"}],"wp:term":[{"taxonomy":"category","embeddable":true,"href":"https:\/\/www.tribunanf.com.br\/blogdoralfereis\/wp-json\/wp\/v2\/categories?post=7081"},{"taxonomy":"post_tag","embeddable":true,"href":"https:\/\/www.tribunanf.com.br\/blogdoralfereis\/wp-json\/wp\/v2\/tags?post=7081"}],"curies":[{"name":"wp","href":"https:\/\/api.w.org\/{rel}","templated":true}]}}