{"id":7069,"date":"2021-06-16T16:20:05","date_gmt":"2021-06-16T19:20:05","guid":{"rendered":"https:\/\/www.tribunanf.com.br\/blogdoralfereis\/?p=7069"},"modified":"2021-06-16T16:20:05","modified_gmt":"2021-06-16T19:20:05","slug":"witzel-e-um-coitado-ele-e-inimputavel-pelo-que-fala-mas-nao-pelo-que-fez-diz-claudio-castro","status":"publish","type":"post","link":"https:\/\/www.tribunanf.com.br\/blogdoralfereis\/2021\/06\/16\/witzel-e-um-coitado-ele-e-inimputavel-pelo-que-fala-mas-nao-pelo-que-fez-diz-claudio-castro\/","title":{"rendered":"&#8216;Witzel \u00e9 um coitado. Ele \u00e9 inimput\u00e1vel pelo que fala, mas n\u00e3o pelo que fez&#8217;, diz Cl\u00e1udio Castro"},"content":{"rendered":"<p><img loading=\"lazy\" decoding=\"async\" class=\"aligncenter size-full wp-image-6551\" src=\"https:\/\/www.tribunanf.com.br\/blogdoralfereis\/wp-content\/uploads\/sites\/11\/2021\/03\/castrofesta.jpg\" alt=\"\" width=\"976\" height=\"550\" srcset=\"https:\/\/www.tribunanf.com.br\/blogdoralfereis\/wp-content\/uploads\/sites\/11\/2021\/03\/castrofesta.jpg 976w, https:\/\/www.tribunanf.com.br\/blogdoralfereis\/wp-content\/uploads\/sites\/11\/2021\/03\/castrofesta-300x169.jpg 300w, https:\/\/www.tribunanf.com.br\/blogdoralfereis\/wp-content\/uploads\/sites\/11\/2021\/03\/castrofesta-768x433.jpg 768w\" sizes=\"auto, (max-width: 976px) 100vw, 976px\" \/><\/p>\n<p style=\"text-align: justify;\">O governador do Rio, Cl\u00e1udio Castro (PL), chamou Wilson Witzel de &#8220;coitado&#8221; ap\u00f3s o ex-governador depor \u00e0 CPI da Covid nesta quarta-feira (16), informa o blog de Oct\u00e1vio Guedes, do G1.<\/p>\n<p style=\"text-align: justify;\">Sem citar o nome de Castro, Witzel declarou aos senadores da CPI que o atual governador manteve contratos com Organiza\u00e7\u00f5es de Sa\u00fade (OS) sob suspeita, que &#8220;estranhamente&#8221; estava em Bras\u00edlia no dia em que ele, Witzel, sofreu busca e apreens\u00e3o, em maio de 2020, e que colocou a investiga\u00e7\u00e3o do caso Marielle em banho-maria.<\/p>\n<p style=\"text-align: justify;\">&#8220;Witzel \u00e9 um coitado. Ele \u00e9 inimput\u00e1vel pelo que fala, mas n\u00e3o pelo o que fez&#8221;, disse Castro ao blog.<br \/>\nO atual governador, vice de Witzel nas elei\u00e7\u00f5es em 2018, rebateu o ex-parceiro de chapa: afirmou que as OSs est\u00e3o trabalhando e sendo fiscalizadas e que n\u00e3o fazia sentido estar em Bras\u00edlia no dia da busca e apreens\u00e3o. &#8220;Eu ia deixar minha mulher e filhos sozinhos, j\u00e1 que eu tamb\u00e9m sofri busca e apreens\u00e3o naquele dia?&#8221;<\/p>\n<p style=\"text-align: justify;\">Declarou ainda que a apura\u00e7\u00e3o da morte da vereadora Marielle Franco &#8220;segue o rumo sem interfer\u00eancia&#8221;. O crime ocorreu em 2018.<\/p>\n<p style=\"text-align: justify;\">Os senadores da CPI votar\u00e3o na pr\u00f3xima sexta (18) a convoca\u00e7\u00e3o de Cl\u00e1udio Castro. A c\u00fapula da comiss\u00e3o decidiu quebrar o sigilo de sete organiza\u00e7\u00f5es sociais citadas por Witzel.<\/p>\n","protected":false},"excerpt":{"rendered":"<p>O governador do Rio, Cl\u00e1udio Castro (PL), chamou Wilson Witzel de &#8220;coitado&#8221; ap\u00f3s o ex-governador depor \u00e0 CPI da Covid&#8230;<\/p>\n","protected":false},"author":2,"featured_media":6551,"comment_status":"open","ping_status":"open","sticky":false,"template":"","format":"standard","meta":{"colormag_page_container_layout":"default_layout","colormag_page_sidebar_layout":"default_layout","jetpack_post_was_ever_published":false,"_jetpack_newsletter_access":"","_jetpack_dont_email_post_to_subs":false,"_jetpack_newsletter_tier_id":0,"_jetpack_memberships_contains_paywalled_content":false,"_jetpack_memberships_contains_paid_content":false,"footnotes":""},"categories":[2],"tags":[],"class_list":["post-7069","post","type-post","status-publish","format-standard","has-post-thumbnail","hentry","category-politica"],"jetpack_featured_media_url":"https:\/\/www.tribunanf.com.br\/blogdoralfereis\/wp-content\/uploads\/sites\/11\/2021\/03\/castrofesta.jpg","jetpack_sharing_enabled":true,"_links":{"self":[{"href":"https:\/\/www.tribunanf.com.br\/blogdoralfereis\/wp-json\/wp\/v2\/posts\/7069","targetHints":{"allow":["GET"]}}],"collection":[{"href":"https:\/\/www.tribunanf.com.br\/blogdoralfereis\/wp-json\/wp\/v2\/posts"}],"about":[{"href":"https:\/\/www.tribunanf.com.br\/blogdoralfereis\/wp-json\/wp\/v2\/types\/post"}],"author":[{"embeddable":true,"href":"https:\/\/www.tribunanf.com.br\/blogdoralfereis\/wp-json\/wp\/v2\/users\/2"}],"replies":[{"embeddable":true,"href":"https:\/\/www.tribunanf.com.br\/blogdoralfereis\/wp-json\/wp\/v2\/comments?post=7069"}],"version-history":[{"count":0,"href":"https:\/\/www.tribunanf.com.br\/blogdoralfereis\/wp-json\/wp\/v2\/posts\/7069\/revisions"}],"wp:featuredmedia":[{"embeddable":true,"href":"https:\/\/www.tribunanf.com.br\/blogdoralfereis\/wp-json\/wp\/v2\/media\/6551"}],"wp:attachment":[{"href":"https:\/\/www.tribunanf.com.br\/blogdoralfereis\/wp-json\/wp\/v2\/media?parent=7069"}],"wp:term":[{"taxonomy":"category","embeddable":true,"href":"https:\/\/www.tribunanf.com.br\/blogdoralfereis\/wp-json\/wp\/v2\/categories?post=7069"},{"taxonomy":"post_tag","embeddable":true,"href":"https:\/\/www.tribunanf.com.br\/blogdoralfereis\/wp-json\/wp\/v2\/tags?post=7069"}],"curies":[{"name":"wp","href":"https:\/\/api.w.org\/{rel}","templated":true}]}}