{"id":7066,"date":"2021-06-16T14:33:18","date_gmt":"2021-06-16T17:33:18","guid":{"rendered":"https:\/\/www.tribunanf.com.br\/blogdoralfereis\/?p=7066"},"modified":"2021-06-16T14:33:18","modified_gmt":"2021-06-16T17:33:18","slug":"wilson-witzel-encerra-depoimento-a-cpi-da-covid","status":"publish","type":"post","link":"https:\/\/www.tribunanf.com.br\/blogdoralfereis\/2021\/06\/16\/wilson-witzel-encerra-depoimento-a-cpi-da-covid\/","title":{"rendered":"Wilson Witzel encerra depoimento \u00e0 CPI da Covid"},"content":{"rendered":"<p><img loading=\"lazy\" decoding=\"async\" class=\"aligncenter size-large wp-image-7067\" src=\"https:\/\/www.tribunanf.com.br\/blogdoralfereis\/wp-content\/uploads\/sites\/11\/2021\/06\/Wilson-Witzel-CPI-da-Pandemia-2-1_Easy-Resize.com_-1024x683.jpg\" alt=\"\" width=\"800\" height=\"534\" \/><\/p>\n<p style=\"text-align: justify;\">Antes do t\u00e9rmino previsto para seu interrogat\u00f3rio na CPI da Covid, Wilson Witzel resolveu deixar a sess\u00e3o. Ele comunicou a decis\u00e3o ao presidente da comiss\u00e3o, Omar Aziz, no momento em que era questionado por senadores governistas.<\/p>\n<p style=\"text-align: justify;\">Valeu-se do habeas corpus que conseguiu ontem no Supremo, que permitiu que ele se ausentasse.<\/p>\n<p style=\"text-align: justify;\">\u201cAgrade\u00e7o a oportunidade, senhor presidente, agrade\u00e7o as perguntas e temos certeza que muito temos a contribuir futuramente, muito obrigado\u201d, disse.<\/p>\n<p style=\"text-align: justify;\">Aziz disse que n\u00e3o havia o que fazer.<\/p>\n<p style=\"text-align: justify;\">\u201cEle acabou de me comunicar que quer se retirar da sess\u00e3o e a gente n\u00e3o pode fazer absolutamente nada.\u201d<\/p>\n","protected":false},"excerpt":{"rendered":"<p>Antes do t\u00e9rmino previsto para seu interrogat\u00f3rio na CPI da Covid, Wilson Witzel resolveu deixar a sess\u00e3o. Ele comunicou a&#8230;<\/p>\n","protected":false},"author":2,"featured_media":7067,"comment_status":"open","ping_status":"open","sticky":false,"template":"","format":"standard","meta":{"colormag_page_container_layout":"default_layout","colormag_page_sidebar_layout":"default_layout","jetpack_post_was_ever_published":false,"_jetpack_newsletter_access":"","_jetpack_dont_email_post_to_subs":false,"_jetpack_newsletter_tier_id":0,"_jetpack_memberships_contains_paywalled_content":false,"_jetpack_memberships_contains_paid_content":false,"footnotes":""},"categories":[2],"tags":[],"class_list":["post-7066","post","type-post","status-publish","format-standard","has-post-thumbnail","hentry","category-politica"],"jetpack_featured_media_url":"https:\/\/www.tribunanf.com.br\/blogdoralfereis\/wp-content\/uploads\/sites\/11\/2021\/06\/Wilson-Witzel-CPI-da-Pandemia-2-1_Easy-Resize.com_-e1623864778630.jpg","jetpack_sharing_enabled":true,"_links":{"self":[{"href":"https:\/\/www.tribunanf.com.br\/blogdoralfereis\/wp-json\/wp\/v2\/posts\/7066","targetHints":{"allow":["GET"]}}],"collection":[{"href":"https:\/\/www.tribunanf.com.br\/blogdoralfereis\/wp-json\/wp\/v2\/posts"}],"about":[{"href":"https:\/\/www.tribunanf.com.br\/blogdoralfereis\/wp-json\/wp\/v2\/types\/post"}],"author":[{"embeddable":true,"href":"https:\/\/www.tribunanf.com.br\/blogdoralfereis\/wp-json\/wp\/v2\/users\/2"}],"replies":[{"embeddable":true,"href":"https:\/\/www.tribunanf.com.br\/blogdoralfereis\/wp-json\/wp\/v2\/comments?post=7066"}],"version-history":[{"count":0,"href":"https:\/\/www.tribunanf.com.br\/blogdoralfereis\/wp-json\/wp\/v2\/posts\/7066\/revisions"}],"wp:featuredmedia":[{"embeddable":true,"href":"https:\/\/www.tribunanf.com.br\/blogdoralfereis\/wp-json\/wp\/v2\/media\/7067"}],"wp:attachment":[{"href":"https:\/\/www.tribunanf.com.br\/blogdoralfereis\/wp-json\/wp\/v2\/media?parent=7066"}],"wp:term":[{"taxonomy":"category","embeddable":true,"href":"https:\/\/www.tribunanf.com.br\/blogdoralfereis\/wp-json\/wp\/v2\/categories?post=7066"},{"taxonomy":"post_tag","embeddable":true,"href":"https:\/\/www.tribunanf.com.br\/blogdoralfereis\/wp-json\/wp\/v2\/tags?post=7066"}],"curies":[{"name":"wp","href":"https:\/\/api.w.org\/{rel}","templated":true}]}}