{"id":7025,"date":"2021-06-13T10:28:17","date_gmt":"2021-06-13T13:28:17","guid":{"rendered":"https:\/\/www.tribunanf.com.br\/blogdoralfereis\/?p=7025"},"modified":"2021-06-13T10:28:17","modified_gmt":"2021-06-13T13:28:17","slug":"presidente-do-pdt-de-campos-caio-vianna-orienta-que-vereadores-votem-contra-aumento-de-tributos","status":"publish","type":"post","link":"https:\/\/www.tribunanf.com.br\/blogdoralfereis\/2021\/06\/13\/presidente-do-pdt-de-campos-caio-vianna-orienta-que-vereadores-votem-contra-aumento-de-tributos\/","title":{"rendered":"Presidente do PDT de Campos, Caio Vianna orienta que vereadores votem contra aumento de tributos"},"content":{"rendered":"<p><img loading=\"lazy\" decoding=\"async\" class=\"aligncenter size-full wp-image-2597\" src=\"https:\/\/www.tribunanf.com.br\/blogdoralfereis\/wp-content\/uploads\/sites\/11\/2019\/08\/caio-1.jpg\" alt=\"\" width=\"960\" height=\"640\" srcset=\"https:\/\/www.tribunanf.com.br\/blogdoralfereis\/wp-content\/uploads\/sites\/11\/2019\/08\/caio-1.jpg 960w, https:\/\/www.tribunanf.com.br\/blogdoralfereis\/wp-content\/uploads\/sites\/11\/2019\/08\/caio-1-300x200.jpg 300w, https:\/\/www.tribunanf.com.br\/blogdoralfereis\/wp-content\/uploads\/sites\/11\/2019\/08\/caio-1-768x512.jpg 768w\" sizes=\"auto, (max-width: 960px) 100vw, 960px\" \/><\/p>\n<p style=\"text-align: justify;\">O Partido Democr\u00e1tico Trabalhista (PDT) em Campos, atrav\u00e9s do presidente da sigla Caio Vianna, orientou que os vereadores de sua base votassem contra o aumento de tributos sugerido pelo prefeito Wladimir Garotinho.<\/p>\n<p style=\"text-align: justify;\">Vianna emitiu documento com orienta\u00e7\u00e3o aos parlamentares.<\/p>\n<p style=\"text-align: justify;\">O documento define ainda as medidas sugeridas como \u201ca\u00e7\u00f5es mal\u00e9ficas na gest\u00e3o p\u00fablica municipal\u201d e reafirma o seu papel de oposi\u00e7\u00e3o ao governo de Wladimir Garotinho. \u201cQualquer posicionamento contr\u00e1rio \u00e0 diretriz partid\u00e1ria poder\u00e1 implicar na abertura de mais um processo disciplinar ou agravamento do processo em curso por infidelidade partid\u00e1ria\u201d, afirmou trecho do documento.<\/p>\n","protected":false},"excerpt":{"rendered":"<p>O Partido Democr\u00e1tico Trabalhista (PDT) em Campos, atrav\u00e9s do presidente da sigla Caio Vianna, orientou que os vereadores de sua&#8230;<\/p>\n","protected":false},"author":2,"featured_media":2597,"comment_status":"open","ping_status":"open","sticky":false,"template":"","format":"standard","meta":{"colormag_page_container_layout":"default_layout","colormag_page_sidebar_layout":"default_layout","jetpack_post_was_ever_published":false,"_jetpack_newsletter_access":"","_jetpack_dont_email_post_to_subs":false,"_jetpack_newsletter_tier_id":0,"_jetpack_memberships_contains_paywalled_content":false,"_jetpack_memberships_contains_paid_content":false,"footnotes":""},"categories":[2],"tags":[],"class_list":["post-7025","post","type-post","status-publish","format-standard","has-post-thumbnail","hentry","category-politica"],"jetpack_featured_media_url":"https:\/\/www.tribunanf.com.br\/blogdoralfereis\/wp-content\/uploads\/sites\/11\/2019\/08\/caio-1.jpg","jetpack_sharing_enabled":true,"_links":{"self":[{"href":"https:\/\/www.tribunanf.com.br\/blogdoralfereis\/wp-json\/wp\/v2\/posts\/7025","targetHints":{"allow":["GET"]}}],"collection":[{"href":"https:\/\/www.tribunanf.com.br\/blogdoralfereis\/wp-json\/wp\/v2\/posts"}],"about":[{"href":"https:\/\/www.tribunanf.com.br\/blogdoralfereis\/wp-json\/wp\/v2\/types\/post"}],"author":[{"embeddable":true,"href":"https:\/\/www.tribunanf.com.br\/blogdoralfereis\/wp-json\/wp\/v2\/users\/2"}],"replies":[{"embeddable":true,"href":"https:\/\/www.tribunanf.com.br\/blogdoralfereis\/wp-json\/wp\/v2\/comments?post=7025"}],"version-history":[{"count":0,"href":"https:\/\/www.tribunanf.com.br\/blogdoralfereis\/wp-json\/wp\/v2\/posts\/7025\/revisions"}],"wp:featuredmedia":[{"embeddable":true,"href":"https:\/\/www.tribunanf.com.br\/blogdoralfereis\/wp-json\/wp\/v2\/media\/2597"}],"wp:attachment":[{"href":"https:\/\/www.tribunanf.com.br\/blogdoralfereis\/wp-json\/wp\/v2\/media?parent=7025"}],"wp:term":[{"taxonomy":"category","embeddable":true,"href":"https:\/\/www.tribunanf.com.br\/blogdoralfereis\/wp-json\/wp\/v2\/categories?post=7025"},{"taxonomy":"post_tag","embeddable":true,"href":"https:\/\/www.tribunanf.com.br\/blogdoralfereis\/wp-json\/wp\/v2\/tags?post=7025"}],"curies":[{"name":"wp","href":"https:\/\/api.w.org\/{rel}","templated":true}]}}