{"id":7003,"date":"2021-06-09T11:51:50","date_gmt":"2021-06-09T14:51:50","guid":{"rendered":"https:\/\/www.tribunanf.com.br\/blogdoralfereis\/?p=7003"},"modified":"2021-06-09T11:51:50","modified_gmt":"2021-06-09T14:51:50","slug":"prefeitura-de-campos-paga-aposentados-e-pensionistas-nesta-quarta-feira","status":"publish","type":"post","link":"https:\/\/www.tribunanf.com.br\/blogdoralfereis\/2021\/06\/09\/prefeitura-de-campos-paga-aposentados-e-pensionistas-nesta-quarta-feira\/","title":{"rendered":"Prefeitura de Campos paga aposentados e pensionistas nesta quarta-feira"},"content":{"rendered":"<p><img loading=\"lazy\" decoding=\"async\" class=\"aligncenter size-large wp-image-6636\" src=\"https:\/\/www.tribunanf.com.br\/blogdoralfereis\/wp-content\/uploads\/sites\/11\/2021\/04\/prefeitura-campos_Easy-Resize.com_-1024x768.jpg\" alt=\"\" width=\"800\" height=\"600\" srcset=\"https:\/\/www.tribunanf.com.br\/blogdoralfereis\/wp-content\/uploads\/sites\/11\/2021\/04\/prefeitura-campos_Easy-Resize.com_-1024x768.jpg 1024w, https:\/\/www.tribunanf.com.br\/blogdoralfereis\/wp-content\/uploads\/sites\/11\/2021\/04\/prefeitura-campos_Easy-Resize.com_-300x225.jpg 300w, https:\/\/www.tribunanf.com.br\/blogdoralfereis\/wp-content\/uploads\/sites\/11\/2021\/04\/prefeitura-campos_Easy-Resize.com_-768x576.jpg 768w, https:\/\/www.tribunanf.com.br\/blogdoralfereis\/wp-content\/uploads\/sites\/11\/2021\/04\/prefeitura-campos_Easy-Resize.com_.jpg 1280w\" sizes=\"auto, (max-width: 800px) 100vw, 800px\" \/><\/p>\n<p style=\"text-align: justify;\">A Prefeitura de Campos continua nesta quarta-feira (09) o pagamento dos servidores do m\u00eas de maio e a segunda parcela do 13\u00ba de 2020, que n\u00e3o foi paga pela gest\u00e3o anterior. Agora ser\u00e1 a vez dos aposentados e pensionistas do Instituto de Previd\u00eancia dos Servidores do Munic\u00edpio de Campos (PreviCampos). Em uma semana ser\u00e3o injetados R$ 86 milh\u00f5es na economia local e, com este pagamento, s\u00e3o quase 600 milh\u00f5es em cinco meses de governo.<\/p>\n<p style=\"text-align: justify;\">A reg\u00eancia havia sido suspensa pela gest\u00e3o passada e est\u00e1 sendo retomada com a altera\u00e7\u00e3o da lei em mar\u00e7o, considerando a atividade dos professores na aplica\u00e7\u00e3o das aulas remotas para efeito do pagamento.<\/p>\n<p style=\"text-align: justify;\">Na quinta-feira (10) receber\u00e3o o pagamento os servidores em geral, al\u00e9m da segunda parcela do 13\u00ba sal\u00e1rio dos servidores do quadro permanente referente a 2020. Na sexta-feira (11) receber\u00e3o os prestadores de servi\u00e7o que recebem de Recibo de Pagamento Aut\u00f4nomo (RPA).<\/p>\n<p style=\"text-align: justify;\">O pagamento come\u00e7ou nesta ter\u00e7a-feira (08) com os profissionais da educa\u00e7\u00e3o, incluindo a reg\u00eancia dos professores, e segue at\u00e9 sexta-feira (11).<\/p>\n<p style=\"text-align: justify;\">Veja o calend\u00e1rio:<\/p>\n<p style=\"text-align: justify;\">09\/06 &#8211; Aposentados e pensionistas da previ Campos<\/p>\n<p style=\"text-align: justify;\">10\/06 &#8211; Servidores em geral + 2\u00aa parcela do 13\u00ba de 2020<\/p>\n<p style=\"text-align: justify;\">11\/06 &#8211; Prestadores de servi\u00e7o &#8211; RPA<\/p>\n","protected":false},"excerpt":{"rendered":"<p>A Prefeitura de Campos continua nesta quarta-feira (09) o pagamento dos servidores do m\u00eas de maio e a segunda parcela&#8230;<\/p>\n","protected":false},"author":2,"featured_media":6636,"comment_status":"open","ping_status":"open","sticky":false,"template":"","format":"standard","meta":{"colormag_page_container_layout":"default_layout","colormag_page_sidebar_layout":"default_layout","jetpack_post_was_ever_published":false,"_jetpack_newsletter_access":"","_jetpack_dont_email_post_to_subs":false,"_jetpack_newsletter_tier_id":0,"_jetpack_memberships_contains_paywalled_content":false,"_jetpack_memberships_contains_paid_content":false,"footnotes":""},"categories":[7],"tags":[],"class_list":["post-7003","post","type-post","status-publish","format-standard","has-post-thumbnail","hentry","category-economia"],"jetpack_featured_media_url":"https:\/\/www.tribunanf.com.br\/blogdoralfereis\/wp-content\/uploads\/sites\/11\/2021\/04\/prefeitura-campos_Easy-Resize.com_.jpg","jetpack_sharing_enabled":true,"_links":{"self":[{"href":"https:\/\/www.tribunanf.com.br\/blogdoralfereis\/wp-json\/wp\/v2\/posts\/7003","targetHints":{"allow":["GET"]}}],"collection":[{"href":"https:\/\/www.tribunanf.com.br\/blogdoralfereis\/wp-json\/wp\/v2\/posts"}],"about":[{"href":"https:\/\/www.tribunanf.com.br\/blogdoralfereis\/wp-json\/wp\/v2\/types\/post"}],"author":[{"embeddable":true,"href":"https:\/\/www.tribunanf.com.br\/blogdoralfereis\/wp-json\/wp\/v2\/users\/2"}],"replies":[{"embeddable":true,"href":"https:\/\/www.tribunanf.com.br\/blogdoralfereis\/wp-json\/wp\/v2\/comments?post=7003"}],"version-history":[{"count":0,"href":"https:\/\/www.tribunanf.com.br\/blogdoralfereis\/wp-json\/wp\/v2\/posts\/7003\/revisions"}],"wp:featuredmedia":[{"embeddable":true,"href":"https:\/\/www.tribunanf.com.br\/blogdoralfereis\/wp-json\/wp\/v2\/media\/6636"}],"wp:attachment":[{"href":"https:\/\/www.tribunanf.com.br\/blogdoralfereis\/wp-json\/wp\/v2\/media?parent=7003"}],"wp:term":[{"taxonomy":"category","embeddable":true,"href":"https:\/\/www.tribunanf.com.br\/blogdoralfereis\/wp-json\/wp\/v2\/categories?post=7003"},{"taxonomy":"post_tag","embeddable":true,"href":"https:\/\/www.tribunanf.com.br\/blogdoralfereis\/wp-json\/wp\/v2\/tags?post=7003"}],"curies":[{"name":"wp","href":"https:\/\/api.w.org\/{rel}","templated":true}]}}