{"id":6960,"date":"2021-05-29T01:16:30","date_gmt":"2021-05-29T04:16:30","guid":{"rendered":"https:\/\/www.tribunanf.com.br\/blogdoralfereis\/?p=6960"},"modified":"2021-05-29T01:16:30","modified_gmt":"2021-05-29T04:16:30","slug":"mpf-pede-absolvicao-de-lula-e-dos-demais-acusados-na-operacao-zelotes","status":"publish","type":"post","link":"https:\/\/www.tribunanf.com.br\/blogdoralfereis\/2021\/05\/29\/mpf-pede-absolvicao-de-lula-e-dos-demais-acusados-na-operacao-zelotes\/","title":{"rendered":"MPF pede absolvi\u00e7\u00e3o de Lula e dos demais acusados na Opera\u00e7\u00e3o Zelotes"},"content":{"rendered":"<p><img loading=\"lazy\" decoding=\"async\" class=\"aligncenter size-full wp-image-390\" src=\"https:\/\/www.tribunanf.com.br\/blogdoralfereis\/wp-content\/uploads\/sites\/11\/2018\/07\/lula-1-1-600x400.jpg\" alt=\"\" width=\"600\" height=\"400\" srcset=\"https:\/\/www.tribunanf.com.br\/blogdoralfereis\/wp-content\/uploads\/sites\/11\/2018\/07\/lula-1-1-600x400.jpg 600w, https:\/\/www.tribunanf.com.br\/blogdoralfereis\/wp-content\/uploads\/sites\/11\/2018\/07\/lula-1-1-600x400-300x200.jpg 300w\" sizes=\"auto, (max-width: 600px) 100vw, 600px\" \/><\/p>\n<p style=\"text-align: justify;\">O Minist\u00e9rio P\u00fablico Federal do DF pediu \u00e0 10\u00aa Vara Federal Criminal da Justi\u00e7a de Bras\u00edlia a absolvi\u00e7\u00e3o de Lula, do ex-ministro Gilberto Carvalho e de todos os acusados em uma das a\u00e7\u00f5es da Opera\u00e7\u00e3o Zelotes.<\/p>\n<p style=\"text-align: justify;\">O ex-presidente foi acusado de receber vantagens indevidas, por meio do lobista Mauro Marcondes, por prorrogar a MP 471, relativa a incentivos fiscais do setor automotivo.<\/p>\n<p style=\"text-align: justify;\">Lula foi denunciado por corrup\u00e7\u00e3o e lavagem de dinheiro. Nas alega\u00e7\u00f5es finais apresentadas nesta sexta (28), por\u00e9m, o MPF concluiu que n\u00e3o h\u00e1 provas e pediu a absolvi\u00e7\u00e3o do petista e dos demais acusados na investiga\u00e7\u00e3o.<\/p>\n<p style=\"text-align: justify;\">\u201cO pedido de absolvi\u00e7\u00e3o apresentado pelo MPF ap\u00f3s quatro anos de tramita\u00e7\u00e3o desse processo refor\u00e7a que o ex-presidente Lula n\u00e3o praticou qualquer crime, tal como sempre dissemos\u201d, disse Cristiano Zanin, advogado de Lula.<\/p>\n","protected":false},"excerpt":{"rendered":"<p>O Minist\u00e9rio P\u00fablico Federal do DF pediu \u00e0 10\u00aa Vara Federal Criminal da Justi\u00e7a de Bras\u00edlia a absolvi\u00e7\u00e3o de Lula,&#8230;<\/p>\n","protected":false},"author":2,"featured_media":390,"comment_status":"open","ping_status":"open","sticky":false,"template":"","format":"standard","meta":{"colormag_page_container_layout":"default_layout","colormag_page_sidebar_layout":"default_layout","jetpack_post_was_ever_published":false,"_jetpack_newsletter_access":"","_jetpack_dont_email_post_to_subs":false,"_jetpack_newsletter_tier_id":0,"_jetpack_memberships_contains_paywalled_content":false,"_jetpack_memberships_contains_paid_content":false,"footnotes":""},"categories":[2],"tags":[],"class_list":["post-6960","post","type-post","status-publish","format-standard","has-post-thumbnail","hentry","category-politica"],"jetpack_featured_media_url":"https:\/\/www.tribunanf.com.br\/blogdoralfereis\/wp-content\/uploads\/sites\/11\/2018\/07\/lula-1-1-600x400.jpg","jetpack_sharing_enabled":true,"_links":{"self":[{"href":"https:\/\/www.tribunanf.com.br\/blogdoralfereis\/wp-json\/wp\/v2\/posts\/6960","targetHints":{"allow":["GET"]}}],"collection":[{"href":"https:\/\/www.tribunanf.com.br\/blogdoralfereis\/wp-json\/wp\/v2\/posts"}],"about":[{"href":"https:\/\/www.tribunanf.com.br\/blogdoralfereis\/wp-json\/wp\/v2\/types\/post"}],"author":[{"embeddable":true,"href":"https:\/\/www.tribunanf.com.br\/blogdoralfereis\/wp-json\/wp\/v2\/users\/2"}],"replies":[{"embeddable":true,"href":"https:\/\/www.tribunanf.com.br\/blogdoralfereis\/wp-json\/wp\/v2\/comments?post=6960"}],"version-history":[{"count":0,"href":"https:\/\/www.tribunanf.com.br\/blogdoralfereis\/wp-json\/wp\/v2\/posts\/6960\/revisions"}],"wp:featuredmedia":[{"embeddable":true,"href":"https:\/\/www.tribunanf.com.br\/blogdoralfereis\/wp-json\/wp\/v2\/media\/390"}],"wp:attachment":[{"href":"https:\/\/www.tribunanf.com.br\/blogdoralfereis\/wp-json\/wp\/v2\/media?parent=6960"}],"wp:term":[{"taxonomy":"category","embeddable":true,"href":"https:\/\/www.tribunanf.com.br\/blogdoralfereis\/wp-json\/wp\/v2\/categories?post=6960"},{"taxonomy":"post_tag","embeddable":true,"href":"https:\/\/www.tribunanf.com.br\/blogdoralfereis\/wp-json\/wp\/v2\/tags?post=6960"}],"curies":[{"name":"wp","href":"https:\/\/api.w.org\/{rel}","templated":true}]}}