{"id":6927,"date":"2021-05-26T09:09:26","date_gmt":"2021-05-26T12:09:26","guid":{"rendered":"https:\/\/www.tribunanf.com.br\/blogdoralfereis\/?p=6927"},"modified":"2021-05-26T09:09:26","modified_gmt":"2021-05-26T12:09:26","slug":"senador-randolfe-oficializa-pedido-de-convocacao-de-witzel-e-claudio-castro","status":"publish","type":"post","link":"https:\/\/www.tribunanf.com.br\/blogdoralfereis\/2021\/05\/26\/senador-randolfe-oficializa-pedido-de-convocacao-de-witzel-e-claudio-castro\/","title":{"rendered":"Senador Randolfe oficializa pedido de convoca\u00e7\u00e3o de Witzel e Claudio Castro"},"content":{"rendered":"<p><img loading=\"lazy\" decoding=\"async\" class=\"aligncenter wp-image-4748 size-full\" src=\"https:\/\/www.tribunanf.com.br\/blogdoralfereis\/wp-content\/uploads\/sites\/11\/2020\/08\/claudio-witzel.jpg\" alt=\"\" width=\"770\" height=\"513\" srcset=\"https:\/\/www.tribunanf.com.br\/blogdoralfereis\/wp-content\/uploads\/sites\/11\/2020\/08\/claudio-witzel.jpg 770w, https:\/\/www.tribunanf.com.br\/blogdoralfereis\/wp-content\/uploads\/sites\/11\/2020\/08\/claudio-witzel-300x200.jpg 300w, https:\/\/www.tribunanf.com.br\/blogdoralfereis\/wp-content\/uploads\/sites\/11\/2020\/08\/claudio-witzel-768x512.jpg 768w\" sizes=\"auto, (max-width: 770px) 100vw, 770px\" \/><\/p>\n<p style=\"text-align: justify;\">O senador Randolfe Rodrigues protocolou, nessa ter\u00e7a-feira, os pedidos para convoca\u00e7\u00e3o de Wilson Witzel e Claudio Castro, para a CPI da Covid.<\/p>\n<p style=\"text-align: justify;\">O parlamentar quer que Witzel explique a dela\u00e7\u00e3o do ex-secret\u00e1rio do Rio Edmar Santos, sobre um suposto esquema criminoso de desvios na Sa\u00fade do estado.<\/p>\n<p style=\"text-align: justify;\">Os requerimentos de convoca\u00e7\u00e3o ser\u00e3o votados nesta quarta-feira.<\/p>\n","protected":false},"excerpt":{"rendered":"<p>O senador Randolfe Rodrigues protocolou, nessa ter\u00e7a-feira, os pedidos para convoca\u00e7\u00e3o de Wilson Witzel e Claudio Castro, para a CPI&#8230;<\/p>\n","protected":false},"author":2,"featured_media":4748,"comment_status":"open","ping_status":"open","sticky":false,"template":"","format":"standard","meta":{"colormag_page_container_layout":"default_layout","colormag_page_sidebar_layout":"default_layout","jetpack_post_was_ever_published":false,"_jetpack_newsletter_access":"","_jetpack_dont_email_post_to_subs":false,"_jetpack_newsletter_tier_id":0,"_jetpack_memberships_contains_paywalled_content":false,"_jetpack_memberships_contains_paid_content":false,"footnotes":""},"categories":[2],"tags":[],"class_list":["post-6927","post","type-post","status-publish","format-standard","has-post-thumbnail","hentry","category-politica"],"jetpack_featured_media_url":"https:\/\/www.tribunanf.com.br\/blogdoralfereis\/wp-content\/uploads\/sites\/11\/2020\/08\/claudio-witzel.jpg","jetpack_sharing_enabled":true,"_links":{"self":[{"href":"https:\/\/www.tribunanf.com.br\/blogdoralfereis\/wp-json\/wp\/v2\/posts\/6927","targetHints":{"allow":["GET"]}}],"collection":[{"href":"https:\/\/www.tribunanf.com.br\/blogdoralfereis\/wp-json\/wp\/v2\/posts"}],"about":[{"href":"https:\/\/www.tribunanf.com.br\/blogdoralfereis\/wp-json\/wp\/v2\/types\/post"}],"author":[{"embeddable":true,"href":"https:\/\/www.tribunanf.com.br\/blogdoralfereis\/wp-json\/wp\/v2\/users\/2"}],"replies":[{"embeddable":true,"href":"https:\/\/www.tribunanf.com.br\/blogdoralfereis\/wp-json\/wp\/v2\/comments?post=6927"}],"version-history":[{"count":0,"href":"https:\/\/www.tribunanf.com.br\/blogdoralfereis\/wp-json\/wp\/v2\/posts\/6927\/revisions"}],"wp:featuredmedia":[{"embeddable":true,"href":"https:\/\/www.tribunanf.com.br\/blogdoralfereis\/wp-json\/wp\/v2\/media\/4748"}],"wp:attachment":[{"href":"https:\/\/www.tribunanf.com.br\/blogdoralfereis\/wp-json\/wp\/v2\/media?parent=6927"}],"wp:term":[{"taxonomy":"category","embeddable":true,"href":"https:\/\/www.tribunanf.com.br\/blogdoralfereis\/wp-json\/wp\/v2\/categories?post=6927"},{"taxonomy":"post_tag","embeddable":true,"href":"https:\/\/www.tribunanf.com.br\/blogdoralfereis\/wp-json\/wp\/v2\/tags?post=6927"}],"curies":[{"name":"wp","href":"https:\/\/api.w.org\/{rel}","templated":true}]}}