{"id":6910,"date":"2021-05-24T19:20:35","date_gmt":"2021-05-24T22:20:35","guid":{"rendered":"https:\/\/www.tribunanf.com.br\/blogdoralfereis\/?p=6910"},"modified":"2021-05-24T19:20:35","modified_gmt":"2021-05-24T22:20:35","slug":"wladimir-exonera-igor-pereira-e-varios-nomeados-da-fmij","status":"publish","type":"post","link":"https:\/\/www.tribunanf.com.br\/blogdoralfereis\/2021\/05\/24\/wladimir-exonera-igor-pereira-e-varios-nomeados-da-fmij\/","title":{"rendered":"Wladimir exonera Igor Pereira e v\u00e1rios nomeados da FMIJ"},"content":{"rendered":"<p><img loading=\"lazy\" decoding=\"async\" class=\"aligncenter size-full wp-image-6911\" src=\"https:\/\/www.tribunanf.com.br\/blogdoralfereis\/wp-content\/uploads\/sites\/11\/2021\/05\/wlad-e-igor.png\" alt=\"\" width=\"600\" height=\"423\" srcset=\"https:\/\/www.tribunanf.com.br\/blogdoralfereis\/wp-content\/uploads\/sites\/11\/2021\/05\/wlad-e-igor.png 600w, https:\/\/www.tribunanf.com.br\/blogdoralfereis\/wp-content\/uploads\/sites\/11\/2021\/05\/wlad-e-igor-300x212.png 300w\" sizes=\"auto, (max-width: 600px) 100vw, 600px\" \/><\/p>\n<p style=\"text-align: justify;\">O prefeito Wladimir Garotinho exonerou o vereador Igor Pereira do cargo de presidente da Funda\u00e7\u00e3o Municipal da Inf\u00e2ncia e Juventude. A exonera\u00e7\u00e3o saiu em Di\u00e1rio Oficial Suplementar nesta segunda-feira (24).<\/p>\n<p style=\"text-align: justify;\">Na manh\u00e3 de hoje, Igor anunciou o pedido de exonera\u00e7\u00e3o <strong>(<a href=\"https:\/\/www.tribunanf.com.br\/blogdoralfereis\/2021\/05\/24\/igor-pereira-pede-exoneracao-do-cargo-de-presidente-da-fmij-e-anuncia-postura-de-independencia\/\">aqui<\/a>), <\/strong>e disse que vai atuar de forma independente na C\u00e2mara.<\/p>\n<p style=\"text-align: justify;\">Tamb\u00e9m foram exonerados v\u00e1rios nomeados da funda\u00e7\u00e3o, que seriam indica\u00e7\u00e3o de Igor.<\/p>\n<p style=\"text-align: justify;\">Rodrigo Carvalho, secret\u00e1rio de Desenvolvimento Social, assume a pasta, sem \u00f4nus para municipalidade.<\/p>\n<p style=\"text-align: justify;\">Confira as exonera\u00e7\u00f5es: <strong><a href=\"https:\/\/www.campos.rj.gov.br\/arquivos\/DO\/2021\/Mai\/SuplementoDiarioOficialEletronicoEdicao-853.pdf\" target=\"_blank\" rel=\"noopener\">Di\u00e1rio oficial Suplementar<\/a><\/strong><\/p>\n","protected":false},"excerpt":{"rendered":"<p>O prefeito Wladimir Garotinho exonerou o vereador Igor Pereira do cargo de presidente da Funda\u00e7\u00e3o Municipal da Inf\u00e2ncia e Juventude&#8230;.<\/p>\n","protected":false},"author":2,"featured_media":6911,"comment_status":"open","ping_status":"open","sticky":false,"template":"","format":"standard","meta":{"colormag_page_container_layout":"default_layout","colormag_page_sidebar_layout":"default_layout","jetpack_post_was_ever_published":false,"_jetpack_newsletter_access":"","_jetpack_dont_email_post_to_subs":false,"_jetpack_newsletter_tier_id":0,"_jetpack_memberships_contains_paywalled_content":false,"_jetpack_memberships_contains_paid_content":false,"footnotes":""},"categories":[2],"tags":[],"class_list":["post-6910","post","type-post","status-publish","format-standard","has-post-thumbnail","hentry","category-politica"],"jetpack_featured_media_url":"https:\/\/www.tribunanf.com.br\/blogdoralfereis\/wp-content\/uploads\/sites\/11\/2021\/05\/wlad-e-igor.png","jetpack_sharing_enabled":true,"_links":{"self":[{"href":"https:\/\/www.tribunanf.com.br\/blogdoralfereis\/wp-json\/wp\/v2\/posts\/6910","targetHints":{"allow":["GET"]}}],"collection":[{"href":"https:\/\/www.tribunanf.com.br\/blogdoralfereis\/wp-json\/wp\/v2\/posts"}],"about":[{"href":"https:\/\/www.tribunanf.com.br\/blogdoralfereis\/wp-json\/wp\/v2\/types\/post"}],"author":[{"embeddable":true,"href":"https:\/\/www.tribunanf.com.br\/blogdoralfereis\/wp-json\/wp\/v2\/users\/2"}],"replies":[{"embeddable":true,"href":"https:\/\/www.tribunanf.com.br\/blogdoralfereis\/wp-json\/wp\/v2\/comments?post=6910"}],"version-history":[{"count":0,"href":"https:\/\/www.tribunanf.com.br\/blogdoralfereis\/wp-json\/wp\/v2\/posts\/6910\/revisions"}],"wp:featuredmedia":[{"embeddable":true,"href":"https:\/\/www.tribunanf.com.br\/blogdoralfereis\/wp-json\/wp\/v2\/media\/6911"}],"wp:attachment":[{"href":"https:\/\/www.tribunanf.com.br\/blogdoralfereis\/wp-json\/wp\/v2\/media?parent=6910"}],"wp:term":[{"taxonomy":"category","embeddable":true,"href":"https:\/\/www.tribunanf.com.br\/blogdoralfereis\/wp-json\/wp\/v2\/categories?post=6910"},{"taxonomy":"post_tag","embeddable":true,"href":"https:\/\/www.tribunanf.com.br\/blogdoralfereis\/wp-json\/wp\/v2\/tags?post=6910"}],"curies":[{"name":"wp","href":"https:\/\/api.w.org\/{rel}","templated":true}]}}