{"id":6905,"date":"2021-05-24T17:45:37","date_gmt":"2021-05-24T20:45:37","guid":{"rendered":"https:\/\/www.tribunanf.com.br\/blogdoralfereis\/?p=6905"},"modified":"2021-05-24T18:14:09","modified_gmt":"2021-05-24T21:14:09","slug":"apos-dores-no-peito-wladimir-garotinho-faz-exames-em-hospital-do-rio","status":"publish","type":"post","link":"https:\/\/www.tribunanf.com.br\/blogdoralfereis\/2021\/05\/24\/apos-dores-no-peito-wladimir-garotinho-faz-exames-em-hospital-do-rio\/","title":{"rendered":"Ap\u00f3s dores no peito, Wladimir Garotinho faz exames em hospital do Rio"},"content":{"rendered":"<p><img loading=\"lazy\" decoding=\"async\" class=\"aligncenter size-large wp-image-6143\" src=\"https:\/\/www.tribunanf.com.br\/blogdoralfereis\/wp-content\/uploads\/sites\/11\/2021\/02\/wladimir-2020-5-1024x683.jpg\" alt=\"\" width=\"800\" height=\"534\" \/><\/p>\n<p style=\"text-align: justify;\">O prefeito de Campos, Wladimir Garotinho, realizou exames no Hospital S\u00e3o Lucas, para onde foi levado ap\u00f3s pico de press\u00e3o alta e sentir fortes dores no peito. Ele estava no Rio, no Pal\u00e1cio Guanabara, para uma audi\u00eancia com o secret\u00e1rio estadual\u00a0 de Sa\u00fade.<\/p>\n<p style=\"text-align: justify;\">Acompanhado da m\u00e3e, a ex-governadora Rosinha, Wladimir fez eletrocardiograma, exame de enzimas e ecocardiograma, com resultados normais.<\/p>\n<p style=\"text-align: justify;\">Em nota, a prefeitura informou que o &#8220;Prefeito Wladimir Garotinho, nesta segunda-feira (24) deu entrada na Emerg\u00eancia do Hospital S\u00e3o Lucas em Copacabana, no Rio de Janeiro, apresentando dor precordial (tor\u00e1cica), associada \u00e0 sudorese. No primeiro atendimento, n\u00e3o apresentou altera\u00e7\u00e3o nos exames de eletrocardiograma e ecocardiograma. Segundo a avalia\u00e7\u00e3o da equipe m\u00e9dica, o paciente est\u00e1 bem, com quadro cl\u00ednico est\u00e1vel, aguardando os resultados de exames complementares.&#8221;<\/p>\n","protected":false},"excerpt":{"rendered":"<p>O prefeito de Campos, Wladimir Garotinho, realizou exames no Hospital S\u00e3o Lucas, para onde foi levado ap\u00f3s pico de press\u00e3o&#8230;<\/p>\n","protected":false},"author":2,"featured_media":6143,"comment_status":"open","ping_status":"open","sticky":false,"template":"","format":"standard","meta":{"colormag_page_container_layout":"default_layout","colormag_page_sidebar_layout":"default_layout","jetpack_post_was_ever_published":false,"_jetpack_newsletter_access":"","_jetpack_dont_email_post_to_subs":false,"_jetpack_newsletter_tier_id":0,"_jetpack_memberships_contains_paywalled_content":false,"_jetpack_memberships_contains_paid_content":false,"footnotes":""},"categories":[2],"tags":[],"class_list":["post-6905","post","type-post","status-publish","format-standard","has-post-thumbnail","hentry","category-politica"],"jetpack_featured_media_url":"https:\/\/www.tribunanf.com.br\/blogdoralfereis\/wp-content\/uploads\/sites\/11\/2021\/02\/wladimir-2020-5-e1612483107529.jpg","jetpack_sharing_enabled":true,"_links":{"self":[{"href":"https:\/\/www.tribunanf.com.br\/blogdoralfereis\/wp-json\/wp\/v2\/posts\/6905","targetHints":{"allow":["GET"]}}],"collection":[{"href":"https:\/\/www.tribunanf.com.br\/blogdoralfereis\/wp-json\/wp\/v2\/posts"}],"about":[{"href":"https:\/\/www.tribunanf.com.br\/blogdoralfereis\/wp-json\/wp\/v2\/types\/post"}],"author":[{"embeddable":true,"href":"https:\/\/www.tribunanf.com.br\/blogdoralfereis\/wp-json\/wp\/v2\/users\/2"}],"replies":[{"embeddable":true,"href":"https:\/\/www.tribunanf.com.br\/blogdoralfereis\/wp-json\/wp\/v2\/comments?post=6905"}],"version-history":[{"count":0,"href":"https:\/\/www.tribunanf.com.br\/blogdoralfereis\/wp-json\/wp\/v2\/posts\/6905\/revisions"}],"wp:featuredmedia":[{"embeddable":true,"href":"https:\/\/www.tribunanf.com.br\/blogdoralfereis\/wp-json\/wp\/v2\/media\/6143"}],"wp:attachment":[{"href":"https:\/\/www.tribunanf.com.br\/blogdoralfereis\/wp-json\/wp\/v2\/media?parent=6905"}],"wp:term":[{"taxonomy":"category","embeddable":true,"href":"https:\/\/www.tribunanf.com.br\/blogdoralfereis\/wp-json\/wp\/v2\/categories?post=6905"},{"taxonomy":"post_tag","embeddable":true,"href":"https:\/\/www.tribunanf.com.br\/blogdoralfereis\/wp-json\/wp\/v2\/tags?post=6905"}],"curies":[{"name":"wp","href":"https:\/\/api.w.org\/{rel}","templated":true}]}}