{"id":6903,"date":"2021-05-24T15:30:25","date_gmt":"2021-05-24T18:30:25","guid":{"rendered":"https:\/\/www.tribunanf.com.br\/blogdoralfereis\/?p=6903"},"modified":"2021-05-24T15:30:25","modified_gmt":"2021-05-24T18:30:25","slug":"wladimir-a-vida-publica-e-politica-sempre-concede-a-oportunidade-do-recomeco-aos-que-agem-de-boa-fe","status":"publish","type":"post","link":"https:\/\/www.tribunanf.com.br\/blogdoralfereis\/2021\/05\/24\/wladimir-a-vida-publica-e-politica-sempre-concede-a-oportunidade-do-recomeco-aos-que-agem-de-boa-fe\/","title":{"rendered":"Wladimir: &#8216;A vida p\u00fablica e pol\u00edtica sempre concede a oportunidade do recome\u00e7o aos que agem de boa f\u00e9&#8217;"},"content":{"rendered":"<p><img loading=\"lazy\" decoding=\"async\" class=\"aligncenter size-full wp-image-5849\" src=\"https:\/\/www.tribunanf.com.br\/blogdoralfereis\/wp-content\/uploads\/sites\/11\/2021\/01\/wlad-e1609931887607.jpg\" alt=\"\" width=\"600\" height=\"600\" \/><\/p>\n<p style=\"text-align: justify;\">Por Wladimir Garotinho<\/p>\n<p style=\"text-align: justify;\">Como sou uma pessoa de di\u00e1logo, tentei que as diferentes correntes pol\u00edticas se alinhassem para que Campos encontre caminhos para superar as enormes dificuldades. Infelizmente eu estava enganado, alguns ainda buscam na disc\u00f3rdia e no oportunismo criar fatos inver\u00eddicos quando n\u00e3o conseguem seus objetivos pessoais. O caso mais cristalino \u00e9 afirmar que enviei projetos a c\u00e2mara que eles sequer conhecem, porque n\u00e3o foram de fatos enviados. Antes ser\u00e3o apresentados as categorias em audi\u00eancia j\u00e1 marcada para amanh\u00e3.<\/p>\n<p style=\"text-align: justify;\">Como tudo tem um lado positivo, nesse caso separar o joio do trigo de maneira antecipada vai fazer bem ao governo para que possa montar sua base verdadeira e fazer Campos avan\u00e7ar.<\/p>\n","protected":false},"excerpt":{"rendered":"<p>Por Wladimir Garotinho Como sou uma pessoa de di\u00e1logo, tentei que as diferentes correntes pol\u00edticas se alinhassem para que Campos&#8230;<\/p>\n","protected":false},"author":2,"featured_media":5849,"comment_status":"open","ping_status":"open","sticky":false,"template":"","format":"standard","meta":{"colormag_page_container_layout":"default_layout","colormag_page_sidebar_layout":"default_layout","jetpack_post_was_ever_published":false,"_jetpack_newsletter_access":"","_jetpack_dont_email_post_to_subs":false,"_jetpack_newsletter_tier_id":0,"_jetpack_memberships_contains_paywalled_content":false,"_jetpack_memberships_contains_paid_content":false,"footnotes":""},"categories":[2],"tags":[],"class_list":["post-6903","post","type-post","status-publish","format-standard","has-post-thumbnail","hentry","category-politica"],"jetpack_featured_media_url":"https:\/\/www.tribunanf.com.br\/blogdoralfereis\/wp-content\/uploads\/sites\/11\/2021\/01\/wlad-e1609931887607.jpg","jetpack_sharing_enabled":true,"_links":{"self":[{"href":"https:\/\/www.tribunanf.com.br\/blogdoralfereis\/wp-json\/wp\/v2\/posts\/6903","targetHints":{"allow":["GET"]}}],"collection":[{"href":"https:\/\/www.tribunanf.com.br\/blogdoralfereis\/wp-json\/wp\/v2\/posts"}],"about":[{"href":"https:\/\/www.tribunanf.com.br\/blogdoralfereis\/wp-json\/wp\/v2\/types\/post"}],"author":[{"embeddable":true,"href":"https:\/\/www.tribunanf.com.br\/blogdoralfereis\/wp-json\/wp\/v2\/users\/2"}],"replies":[{"embeddable":true,"href":"https:\/\/www.tribunanf.com.br\/blogdoralfereis\/wp-json\/wp\/v2\/comments?post=6903"}],"version-history":[{"count":0,"href":"https:\/\/www.tribunanf.com.br\/blogdoralfereis\/wp-json\/wp\/v2\/posts\/6903\/revisions"}],"wp:featuredmedia":[{"embeddable":true,"href":"https:\/\/www.tribunanf.com.br\/blogdoralfereis\/wp-json\/wp\/v2\/media\/5849"}],"wp:attachment":[{"href":"https:\/\/www.tribunanf.com.br\/blogdoralfereis\/wp-json\/wp\/v2\/media?parent=6903"}],"wp:term":[{"taxonomy":"category","embeddable":true,"href":"https:\/\/www.tribunanf.com.br\/blogdoralfereis\/wp-json\/wp\/v2\/categories?post=6903"},{"taxonomy":"post_tag","embeddable":true,"href":"https:\/\/www.tribunanf.com.br\/blogdoralfereis\/wp-json\/wp\/v2\/tags?post=6903"}],"curies":[{"name":"wp","href":"https:\/\/api.w.org\/{rel}","templated":true}]}}