{"id":689,"date":"2018-08-15T22:58:01","date_gmt":"2018-08-16T01:58:01","guid":{"rendered":"http:\/\/www.tribunanf.com.br\/blogdoralfereis\/?p=689"},"modified":"2018-08-15T22:58:01","modified_gmt":"2018-08-16T01:58:01","slug":"lixo-de-rafael-diniz-so-e-retirado-com-pedido-de-vereador","status":"publish","type":"post","link":"https:\/\/www.tribunanf.com.br\/blogdoralfereis\/2018\/08\/15\/lixo-de-rafael-diniz-so-e-retirado-com-pedido-de-vereador\/","title":{"rendered":"Lixo de Rafael Diniz s\u00f3 \u00e9 retirado com pedido de vereador"},"content":{"rendered":"<p><img loading=\"lazy\" decoding=\"async\" class=\"aligncenter size-full wp-image-691\" src=\"http:\/\/www.tribunanf.com.br\/blogdoralfereis\/wp-content\/uploads\/sites\/11\/2018\/08\/jorginho.jpg\" alt=\"\" width=\"960\" height=\"635\" srcset=\"https:\/\/www.tribunanf.com.br\/blogdoralfereis\/wp-content\/uploads\/sites\/11\/2018\/08\/jorginho.jpg 960w, https:\/\/www.tribunanf.com.br\/blogdoralfereis\/wp-content\/uploads\/sites\/11\/2018\/08\/jorginho-300x198.jpg 300w, https:\/\/www.tribunanf.com.br\/blogdoralfereis\/wp-content\/uploads\/sites\/11\/2018\/08\/jorginho-768x508.jpg 768w\" sizes=\"auto, (max-width: 960px) 100vw, 960px\" \/><\/p>\n<p style=\"text-align: justify;\">A administra\u00e7\u00e3o Rafael Diniz pode ser considerada uma das mais anestesiadas de todos os tempos.<\/p>\n<p style=\"text-align: justify;\">Para recolher o lixo em algum distrito \u00e9 preciso vir uma ordem de um vereador.<\/p>\n<p style=\"text-align: justify;\">Esse \u00e9 o caso do oficio redigido pelo vereador Jorginho Virg\u00edlio ao representante da limpeza p\u00fablica Leonardo Barreto.<\/p>\n<p style=\"text-align: justify;\">Se continuar desse jeito a popula\u00e7\u00e3o vai ter que fazer promessa para que o carro da coleta de lixo passe na sua porta.<\/p>\n<p style=\"text-align: justify;\">N\u00e3o fosse a combatividade e independ\u00eancia do vereador Jorginho Virg\u00edlio o assunto n\u00e3o seria resolvido.<\/p>\n<p style=\"text-align: justify;\">Segue o of\u00edcio:<\/p>\n<p><img loading=\"lazy\" decoding=\"async\" class=\"aligncenter size-full wp-image-690\" src=\"http:\/\/www.tribunanf.com.br\/blogdoralfereis\/wp-content\/uploads\/sites\/11\/2018\/08\/1ff39d7e-9e32-4eb3-a184-2690c5240925.jpg\" alt=\"\" width=\"922\" height=\"1280\" srcset=\"https:\/\/www.tribunanf.com.br\/blogdoralfereis\/wp-content\/uploads\/sites\/11\/2018\/08\/1ff39d7e-9e32-4eb3-a184-2690c5240925.jpg 922w, https:\/\/www.tribunanf.com.br\/blogdoralfereis\/wp-content\/uploads\/sites\/11\/2018\/08\/1ff39d7e-9e32-4eb3-a184-2690c5240925-216x300.jpg 216w, https:\/\/www.tribunanf.com.br\/blogdoralfereis\/wp-content\/uploads\/sites\/11\/2018\/08\/1ff39d7e-9e32-4eb3-a184-2690c5240925-768x1066.jpg 768w, https:\/\/www.tribunanf.com.br\/blogdoralfereis\/wp-content\/uploads\/sites\/11\/2018\/08\/1ff39d7e-9e32-4eb3-a184-2690c5240925-738x1024.jpg 738w\" sizes=\"auto, (max-width: 922px) 100vw, 922px\" \/><\/p>\n","protected":false},"excerpt":{"rendered":"<p>A administra\u00e7\u00e3o Rafael Diniz pode ser considerada uma das mais anestesiadas de todos os tempos. Para recolher o lixo em&#8230;<\/p>\n","protected":false},"author":2,"featured_media":691,"comment_status":"open","ping_status":"open","sticky":false,"template":"","format":"standard","meta":{"colormag_page_container_layout":"default_layout","colormag_page_sidebar_layout":"default_layout","jetpack_post_was_ever_published":false,"_jetpack_newsletter_access":"","_jetpack_dont_email_post_to_subs":false,"_jetpack_newsletter_tier_id":0,"_jetpack_memberships_contains_paywalled_content":false,"_jetpack_memberships_contains_paid_content":false,"footnotes":""},"categories":[2],"tags":[],"class_list":["post-689","post","type-post","status-publish","format-standard","has-post-thumbnail","hentry","category-politica"],"jetpack_featured_media_url":"https:\/\/www.tribunanf.com.br\/blogdoralfereis\/wp-content\/uploads\/sites\/11\/2018\/08\/jorginho.jpg","jetpack_sharing_enabled":true,"_links":{"self":[{"href":"https:\/\/www.tribunanf.com.br\/blogdoralfereis\/wp-json\/wp\/v2\/posts\/689","targetHints":{"allow":["GET"]}}],"collection":[{"href":"https:\/\/www.tribunanf.com.br\/blogdoralfereis\/wp-json\/wp\/v2\/posts"}],"about":[{"href":"https:\/\/www.tribunanf.com.br\/blogdoralfereis\/wp-json\/wp\/v2\/types\/post"}],"author":[{"embeddable":true,"href":"https:\/\/www.tribunanf.com.br\/blogdoralfereis\/wp-json\/wp\/v2\/users\/2"}],"replies":[{"embeddable":true,"href":"https:\/\/www.tribunanf.com.br\/blogdoralfereis\/wp-json\/wp\/v2\/comments?post=689"}],"version-history":[{"count":0,"href":"https:\/\/www.tribunanf.com.br\/blogdoralfereis\/wp-json\/wp\/v2\/posts\/689\/revisions"}],"wp:featuredmedia":[{"embeddable":true,"href":"https:\/\/www.tribunanf.com.br\/blogdoralfereis\/wp-json\/wp\/v2\/media\/691"}],"wp:attachment":[{"href":"https:\/\/www.tribunanf.com.br\/blogdoralfereis\/wp-json\/wp\/v2\/media?parent=689"}],"wp:term":[{"taxonomy":"category","embeddable":true,"href":"https:\/\/www.tribunanf.com.br\/blogdoralfereis\/wp-json\/wp\/v2\/categories?post=689"},{"taxonomy":"post_tag","embeddable":true,"href":"https:\/\/www.tribunanf.com.br\/blogdoralfereis\/wp-json\/wp\/v2\/tags?post=689"}],"curies":[{"name":"wp","href":"https:\/\/api.w.org\/{rel}","templated":true}]}}