{"id":6876,"date":"2021-05-20T19:09:13","date_gmt":"2021-05-20T22:09:13","guid":{"rendered":"https:\/\/www.tribunanf.com.br\/blogdoralfereis\/?p=6876"},"modified":"2021-05-20T19:09:13","modified_gmt":"2021-05-20T22:09:13","slug":"comissao-da-camara-emite-parecer-pela-aprovacao-das-contas-de-2016-de-rosinha","status":"publish","type":"post","link":"https:\/\/www.tribunanf.com.br\/blogdoralfereis\/2021\/05\/20\/comissao-da-camara-emite-parecer-pela-aprovacao-das-contas-de-2016-de-rosinha\/","title":{"rendered":"Comiss\u00e3o da C\u00e2mara emite parecer pela aprova\u00e7\u00e3o das contas de 2016 de Rosinha"},"content":{"rendered":"<p><img loading=\"lazy\" decoding=\"async\" class=\"aligncenter size-full wp-image-6238\" src=\"https:\/\/www.tribunanf.com.br\/blogdoralfereis\/wp-content\/uploads\/sites\/11\/2021\/02\/rosinha.jpg\" alt=\"\" width=\"976\" height=\"550\" srcset=\"https:\/\/www.tribunanf.com.br\/blogdoralfereis\/wp-content\/uploads\/sites\/11\/2021\/02\/rosinha.jpg 976w, https:\/\/www.tribunanf.com.br\/blogdoralfereis\/wp-content\/uploads\/sites\/11\/2021\/02\/rosinha-300x169.jpg 300w, https:\/\/www.tribunanf.com.br\/blogdoralfereis\/wp-content\/uploads\/sites\/11\/2021\/02\/rosinha-768x433.jpg 768w\" sizes=\"auto, (max-width: 976px) 100vw, 976px\" \/><\/p>\n<p style=\"text-align: justify;\">A comiss\u00e3o de Finan\u00e7as e Or\u00e7amento da C\u00e2mara de Campos emitiu, nesta quinta-feira (20), parecer favor\u00e1vel as contas de 2016 da ex-prefeita Rosinha Garotinho.<\/p>\n<p style=\"text-align: justify;\">Em fevereiro deste ano, a <a href=\"https:\/\/www.tribunanf.com.br\/blogdoralfereis\/2021\/02\/24\/camara-anula-reprovacao-das-contas-de-rosinha-e-concede-ampla-defesa-a-ex-prefeita\/\">C\u00e2mara anulou a reprova\u00e7\u00e3o das contas de Rosinha e concedeu ampla defesa a ex-prefeita.<\/a><\/p>\n<p style=\"text-align: justify;\">O vereador pastor Marcos Elias, presidente da Comiss\u00e3o e relator do processo, emitiu parecer favor\u00e1vel a aprova\u00e7\u00e3o, que foi seguido pelo vereador Helinho Nahim. J\u00e1 o vereador Maicon Cruz votou pela reprova\u00e7\u00e3o das contas.<\/p>\n<p>O parecer ser\u00e1 votado no plen\u00e1rio da C\u00e2mara nos pr\u00f3ximos dias.<\/p>\n","protected":false},"excerpt":{"rendered":"<p>A comiss\u00e3o de Finan\u00e7as e Or\u00e7amento da C\u00e2mara de Campos emitiu, nesta quinta-feira (20), parecer favor\u00e1vel as contas de 2016&#8230;<\/p>\n","protected":false},"author":2,"featured_media":6238,"comment_status":"open","ping_status":"open","sticky":false,"template":"","format":"standard","meta":{"colormag_page_container_layout":"default_layout","colormag_page_sidebar_layout":"default_layout","jetpack_post_was_ever_published":false,"_jetpack_newsletter_access":"","_jetpack_dont_email_post_to_subs":false,"_jetpack_newsletter_tier_id":0,"_jetpack_memberships_contains_paywalled_content":false,"_jetpack_memberships_contains_paid_content":false,"footnotes":""},"categories":[2],"tags":[],"class_list":["post-6876","post","type-post","status-publish","format-standard","has-post-thumbnail","hentry","category-politica"],"jetpack_featured_media_url":"https:\/\/www.tribunanf.com.br\/blogdoralfereis\/wp-content\/uploads\/sites\/11\/2021\/02\/rosinha.jpg","jetpack_sharing_enabled":true,"_links":{"self":[{"href":"https:\/\/www.tribunanf.com.br\/blogdoralfereis\/wp-json\/wp\/v2\/posts\/6876","targetHints":{"allow":["GET"]}}],"collection":[{"href":"https:\/\/www.tribunanf.com.br\/blogdoralfereis\/wp-json\/wp\/v2\/posts"}],"about":[{"href":"https:\/\/www.tribunanf.com.br\/blogdoralfereis\/wp-json\/wp\/v2\/types\/post"}],"author":[{"embeddable":true,"href":"https:\/\/www.tribunanf.com.br\/blogdoralfereis\/wp-json\/wp\/v2\/users\/2"}],"replies":[{"embeddable":true,"href":"https:\/\/www.tribunanf.com.br\/blogdoralfereis\/wp-json\/wp\/v2\/comments?post=6876"}],"version-history":[{"count":0,"href":"https:\/\/www.tribunanf.com.br\/blogdoralfereis\/wp-json\/wp\/v2\/posts\/6876\/revisions"}],"wp:featuredmedia":[{"embeddable":true,"href":"https:\/\/www.tribunanf.com.br\/blogdoralfereis\/wp-json\/wp\/v2\/media\/6238"}],"wp:attachment":[{"href":"https:\/\/www.tribunanf.com.br\/blogdoralfereis\/wp-json\/wp\/v2\/media?parent=6876"}],"wp:term":[{"taxonomy":"category","embeddable":true,"href":"https:\/\/www.tribunanf.com.br\/blogdoralfereis\/wp-json\/wp\/v2\/categories?post=6876"},{"taxonomy":"post_tag","embeddable":true,"href":"https:\/\/www.tribunanf.com.br\/blogdoralfereis\/wp-json\/wp\/v2\/tags?post=6876"}],"curies":[{"name":"wp","href":"https:\/\/api.w.org\/{rel}","templated":true}]}}