{"id":6828,"date":"2021-05-14T17:32:38","date_gmt":"2021-05-14T20:32:38","guid":{"rendered":"https:\/\/www.tribunanf.com.br\/blogdoralfereis\/?p=6828"},"modified":"2021-05-14T17:32:38","modified_gmt":"2021-05-14T20:32:38","slug":"procon-campos-inicia-acao-de-combate-a-precos-abusivos-do-gnv","status":"publish","type":"post","link":"https:\/\/www.tribunanf.com.br\/blogdoralfereis\/2021\/05\/14\/procon-campos-inicia-acao-de-combate-a-precos-abusivos-do-gnv\/","title":{"rendered":"Procon Campos inicia a\u00e7\u00e3o de combate a pre\u00e7os abusivos do GNV"},"content":{"rendered":"<p><img loading=\"lazy\" decoding=\"async\" class=\"aligncenter size-full wp-image-6829\" src=\"https:\/\/www.tribunanf.com.br\/blogdoralfereis\/wp-content\/uploads\/sites\/11\/2021\/05\/procon.jpg\" alt=\"\" width=\"750\" height=\"500\" srcset=\"https:\/\/www.tribunanf.com.br\/blogdoralfereis\/wp-content\/uploads\/sites\/11\/2021\/05\/procon.jpg 750w, https:\/\/www.tribunanf.com.br\/blogdoralfereis\/wp-content\/uploads\/sites\/11\/2021\/05\/procon-300x200.jpg 300w\" sizes=\"auto, (max-width: 750px) 100vw, 750px\" \/><\/p>\n<p style=\"text-align: justify;\">O Procon de Campos iniciou esta semana uma a\u00e7\u00e3o para vistoriar postos de combust\u00edveis do munic\u00edpio. O objetivo foi verificar a pr\u00e1tica de pre\u00e7os abusivos do g\u00e1s natural veicular (GNV). Diante \u00e0s das reclama\u00e7\u00f5es feitas pelos consumidores, o \u00f3rg\u00e3o notificou os postos para que apresentem documenta\u00e7\u00e3o que comprove o motivo do aumento do GNV.<\/p>\n<p style=\"text-align: justify;\">De acordo com a secret\u00e1ria executiva do Procon, Priscila Nunes Grace, o \u00f3rg\u00e3o analisar\u00e1 o material e se for constatado o aumento excessivo sem justa motiva\u00e7\u00e3o, tomar\u00e1 as medidas administrativas cab\u00edveis.<\/p>\n<p style=\"text-align: justify;\">Subcom*<\/p>\n","protected":false},"excerpt":{"rendered":"<p>O Procon de Campos iniciou esta semana uma a\u00e7\u00e3o para vistoriar postos de combust\u00edveis do munic\u00edpio. O objetivo foi verificar&#8230;<\/p>\n","protected":false},"author":2,"featured_media":6829,"comment_status":"open","ping_status":"open","sticky":false,"template":"","format":"standard","meta":{"colormag_page_container_layout":"default_layout","colormag_page_sidebar_layout":"default_layout","jetpack_post_was_ever_published":false,"_jetpack_newsletter_access":"","_jetpack_dont_email_post_to_subs":false,"_jetpack_newsletter_tier_id":0,"_jetpack_memberships_contains_paywalled_content":false,"_jetpack_memberships_contains_paid_content":false,"footnotes":""},"categories":[7],"tags":[],"class_list":["post-6828","post","type-post","status-publish","format-standard","has-post-thumbnail","hentry","category-economia"],"jetpack_featured_media_url":"https:\/\/www.tribunanf.com.br\/blogdoralfereis\/wp-content\/uploads\/sites\/11\/2021\/05\/procon.jpg","jetpack_sharing_enabled":true,"_links":{"self":[{"href":"https:\/\/www.tribunanf.com.br\/blogdoralfereis\/wp-json\/wp\/v2\/posts\/6828","targetHints":{"allow":["GET"]}}],"collection":[{"href":"https:\/\/www.tribunanf.com.br\/blogdoralfereis\/wp-json\/wp\/v2\/posts"}],"about":[{"href":"https:\/\/www.tribunanf.com.br\/blogdoralfereis\/wp-json\/wp\/v2\/types\/post"}],"author":[{"embeddable":true,"href":"https:\/\/www.tribunanf.com.br\/blogdoralfereis\/wp-json\/wp\/v2\/users\/2"}],"replies":[{"embeddable":true,"href":"https:\/\/www.tribunanf.com.br\/blogdoralfereis\/wp-json\/wp\/v2\/comments?post=6828"}],"version-history":[{"count":0,"href":"https:\/\/www.tribunanf.com.br\/blogdoralfereis\/wp-json\/wp\/v2\/posts\/6828\/revisions"}],"wp:featuredmedia":[{"embeddable":true,"href":"https:\/\/www.tribunanf.com.br\/blogdoralfereis\/wp-json\/wp\/v2\/media\/6829"}],"wp:attachment":[{"href":"https:\/\/www.tribunanf.com.br\/blogdoralfereis\/wp-json\/wp\/v2\/media?parent=6828"}],"wp:term":[{"taxonomy":"category","embeddable":true,"href":"https:\/\/www.tribunanf.com.br\/blogdoralfereis\/wp-json\/wp\/v2\/categories?post=6828"},{"taxonomy":"post_tag","embeddable":true,"href":"https:\/\/www.tribunanf.com.br\/blogdoralfereis\/wp-json\/wp\/v2\/tags?post=6828"}],"curies":[{"name":"wp","href":"https:\/\/api.w.org\/{rel}","templated":true}]}}