{"id":6780,"date":"2021-05-07T11:14:52","date_gmt":"2021-05-07T14:14:52","guid":{"rendered":"https:\/\/www.tribunanf.com.br\/blogdoralfereis\/?p=6780"},"modified":"2021-05-07T11:14:52","modified_gmt":"2021-05-07T14:14:52","slug":"macae-vai-escolher-sua-agencia-de-publicidade-com-verba-de-r-6-mi","status":"publish","type":"post","link":"https:\/\/www.tribunanf.com.br\/blogdoralfereis\/2021\/05\/07\/macae-vai-escolher-sua-agencia-de-publicidade-com-verba-de-r-6-mi\/","title":{"rendered":"Maca\u00e9 vai escolher sua ag\u00eancia de publicidade com verba de R$ 6 mi"},"content":{"rendered":"<p><img loading=\"lazy\" decoding=\"async\" class=\"aligncenter size-full wp-image-6781\" src=\"https:\/\/www.tribunanf.com.br\/blogdoralfereis\/wp-content\/uploads\/sites\/11\/2021\/05\/Macae-Viva.jpg\" alt=\"\" width=\"720\" height=\"480\" srcset=\"https:\/\/www.tribunanf.com.br\/blogdoralfereis\/wp-content\/uploads\/sites\/11\/2021\/05\/Macae-Viva.jpg 720w, https:\/\/www.tribunanf.com.br\/blogdoralfereis\/wp-content\/uploads\/sites\/11\/2021\/05\/Macae-Viva-300x200.jpg 300w\" sizes=\"auto, (max-width: 720px) 100vw, 720px\" \/><\/p>\n<p style=\"text-align: justify;\">Conta da Publik\u00e17 desde 2019, a Prefeitura de Maca\u00e9 est\u00e1 abrindo nova concorr\u00eancia para ag\u00eancia de publicidade. Agora sob o comando do prefeito Welberth Rezende (Cidadania), a municipalidade n\u00e3o quis renovar com a ag\u00eancia escolhida na gest\u00e3o de Alu\u00edzio dos Santos J\u00fanior (PMDB).<\/p>\n<p style=\"text-align: justify;\">A entrega das propostas para a Concorr\u00eancia n\u00ba 001\/2021, que definiu uma verba m\u00e1xima anual de R$ 6 milh\u00f5es, est\u00e1 marcada para 28\/06\/2021, na sede da Prefeitura. E a Janela localizou para seus leitores que o edital est\u00e1 dispon\u00edvel para download no\u00a0<a href=\"http:\/\/sistemas.macae.rj.gov.br:84\/transparencia\/default\/contratacoes\/mostrarlicitacoes?id=1868\" target=\"_blank\" rel=\"noopener\"><strong>sistema de transpar\u00eancia de Maca\u00e9<\/strong><\/a>.<\/p>\n<p style=\"text-align: justify;\">As ag\u00eancias interessadas ter\u00e3o que criar uma campanha especulativa de dura\u00e7\u00e3o de tr\u00eas meses, com uma verba de at\u00e9 R$ 1,5 milh\u00e3o, para \u201cdemonstrar que Maca\u00e9 \u00e9 um munic\u00edpio que possui infraestrutura para todos, cidad\u00e3os e, consequentemente, novos neg\u00f3cios. Infraestrutura essa, que \u00e9 um diferencial para atrair esses investimentos que v\u00e3o melhorar a qualidade de vida de sua popula\u00e7\u00e3o, atrav\u00e9s da gera\u00e7\u00e3o de empregos e de arrecada\u00e7\u00e3o de novos tributos, melhorando a economia da cidade\u201d.<\/p>\n<p style=\"text-align: justify;\">Fonte: Janela Publicit\u00e1ria<\/p>\n","protected":false},"excerpt":{"rendered":"<p>Conta da Publik\u00e17 desde 2019, a Prefeitura de Maca\u00e9 est\u00e1 abrindo nova concorr\u00eancia para ag\u00eancia de publicidade. Agora sob o&#8230;<\/p>\n","protected":false},"author":2,"featured_media":6781,"comment_status":"open","ping_status":"open","sticky":false,"template":"","format":"standard","meta":{"colormag_page_container_layout":"default_layout","colormag_page_sidebar_layout":"default_layout","jetpack_post_was_ever_published":false,"_jetpack_newsletter_access":"","_jetpack_dont_email_post_to_subs":false,"_jetpack_newsletter_tier_id":0,"_jetpack_memberships_contains_paywalled_content":false,"_jetpack_memberships_contains_paid_content":false,"footnotes":""},"categories":[2],"tags":[],"class_list":["post-6780","post","type-post","status-publish","format-standard","has-post-thumbnail","hentry","category-politica"],"jetpack_featured_media_url":"https:\/\/www.tribunanf.com.br\/blogdoralfereis\/wp-content\/uploads\/sites\/11\/2021\/05\/Macae-Viva.jpg","jetpack_sharing_enabled":true,"_links":{"self":[{"href":"https:\/\/www.tribunanf.com.br\/blogdoralfereis\/wp-json\/wp\/v2\/posts\/6780","targetHints":{"allow":["GET"]}}],"collection":[{"href":"https:\/\/www.tribunanf.com.br\/blogdoralfereis\/wp-json\/wp\/v2\/posts"}],"about":[{"href":"https:\/\/www.tribunanf.com.br\/blogdoralfereis\/wp-json\/wp\/v2\/types\/post"}],"author":[{"embeddable":true,"href":"https:\/\/www.tribunanf.com.br\/blogdoralfereis\/wp-json\/wp\/v2\/users\/2"}],"replies":[{"embeddable":true,"href":"https:\/\/www.tribunanf.com.br\/blogdoralfereis\/wp-json\/wp\/v2\/comments?post=6780"}],"version-history":[{"count":0,"href":"https:\/\/www.tribunanf.com.br\/blogdoralfereis\/wp-json\/wp\/v2\/posts\/6780\/revisions"}],"wp:featuredmedia":[{"embeddable":true,"href":"https:\/\/www.tribunanf.com.br\/blogdoralfereis\/wp-json\/wp\/v2\/media\/6781"}],"wp:attachment":[{"href":"https:\/\/www.tribunanf.com.br\/blogdoralfereis\/wp-json\/wp\/v2\/media?parent=6780"}],"wp:term":[{"taxonomy":"category","embeddable":true,"href":"https:\/\/www.tribunanf.com.br\/blogdoralfereis\/wp-json\/wp\/v2\/categories?post=6780"},{"taxonomy":"post_tag","embeddable":true,"href":"https:\/\/www.tribunanf.com.br\/blogdoralfereis\/wp-json\/wp\/v2\/tags?post=6780"}],"curies":[{"name":"wp","href":"https:\/\/api.w.org\/{rel}","templated":true}]}}