{"id":6777,"date":"2021-05-06T19:28:40","date_gmt":"2021-05-06T22:28:40","guid":{"rendered":"https:\/\/www.tribunanf.com.br\/blogdoralfereis\/?p=6777"},"modified":"2021-05-06T19:31:28","modified_gmt":"2021-05-06T22:31:28","slug":"trf-revoga-ultima-prisao-domiciliar-de-eduardo-cunha-que-estara-livre","status":"publish","type":"post","link":"https:\/\/www.tribunanf.com.br\/blogdoralfereis\/2021\/05\/06\/trf-revoga-ultima-prisao-domiciliar-de-eduardo-cunha-que-estara-livre\/","title":{"rendered":"TRF revoga \u00faltima pris\u00e3o domiciliar de Eduardo Cunha, que estar\u00e1 livre"},"content":{"rendered":"<p><img loading=\"lazy\" decoding=\"async\" class=\"aligncenter size-large wp-image-1804\" src=\"https:\/\/www.tribunanf.com.br\/blogdoralfereis\/wp-content\/uploads\/sites\/11\/2019\/04\/eduardo-cunha-piscando-1024x683.jpg\" alt=\"\" width=\"800\" height=\"534\" srcset=\"https:\/\/www.tribunanf.com.br\/blogdoralfereis\/wp-content\/uploads\/sites\/11\/2019\/04\/eduardo-cunha-piscando-1024x683.jpg 1024w, https:\/\/www.tribunanf.com.br\/blogdoralfereis\/wp-content\/uploads\/sites\/11\/2019\/04\/eduardo-cunha-piscando-300x200.jpg 300w, https:\/\/www.tribunanf.com.br\/blogdoralfereis\/wp-content\/uploads\/sites\/11\/2019\/04\/eduardo-cunha-piscando-768x512.jpg 768w, https:\/\/www.tribunanf.com.br\/blogdoralfereis\/wp-content\/uploads\/sites\/11\/2019\/04\/eduardo-cunha-piscando.jpg 1500w\" sizes=\"auto, (max-width: 800px) 100vw, 800px\" \/><\/p>\n<p style=\"text-align: justify;\">O Desembargador do Tribunal Regional Federal da 1a Regi\u00e3o (TRF-1), Ney Bello revogou a \u00faltima determina\u00e7\u00e3o de pris\u00e3o domiciliar que restava contra o ex-presidente da C\u00e2mara, Eduardo Cunha, informa o blog de Bela Megale, de O Globo. Com isso, o ex-deputado, que hoje cumpre pris\u00e3o em sua casa no Rio de Janeiro, ser\u00e1 colocado em liberdade. A medida se referia \u00e0 Opera\u00e7\u00e3o Sepsis, que corre na Justi\u00e7a do Distrito Federal.<\/p>\n<p style=\"text-align: justify;\">Na semana passada, o Tribunal Regional Federal da 4\u00aa Regi\u00e3o (TRF-4) j\u00e1 havia revogado outra pris\u00e3o preventiva contra o ex-deputado na Opera\u00e7\u00e3o Lava-Jato do Paran\u00e1. Na decis\u00e3o, a 8a Turma da corte determinou que ele deixasse se usar tornozeleira eletr\u00f4nica, mas manteva a proibi\u00e7\u00e3o de sair do Brasil.<\/p>\n<p style=\"text-align: justify;\">\u2013 Finalmente fez-se justi\u00e7a \u2013 afirmaram os advogados Pedro Ivo, Ticiano Figueiredo e D\u00e9lio Lins e Silva Jr., que defendem Cunha.<\/p>\n<p style=\"text-align: justify;\">O ex-presidente da C\u00e2mara est\u00e1 preso desde outubro de 2016.<\/p>\n","protected":false},"excerpt":{"rendered":"<p>O Desembargador do Tribunal Regional Federal da 1a Regi\u00e3o (TRF-1), Ney Bello revogou a \u00faltima determina\u00e7\u00e3o de pris\u00e3o domiciliar que&#8230;<\/p>\n","protected":false},"author":2,"featured_media":1804,"comment_status":"open","ping_status":"open","sticky":false,"template":"","format":"standard","meta":{"colormag_page_container_layout":"default_layout","colormag_page_sidebar_layout":"default_layout","jetpack_post_was_ever_published":false,"_jetpack_newsletter_access":"","_jetpack_dont_email_post_to_subs":false,"_jetpack_newsletter_tier_id":0,"_jetpack_memberships_contains_paywalled_content":false,"_jetpack_memberships_contains_paid_content":false,"footnotes":""},"categories":[2],"tags":[],"class_list":["post-6777","post","type-post","status-publish","format-standard","has-post-thumbnail","hentry","category-politica"],"jetpack_featured_media_url":"https:\/\/www.tribunanf.com.br\/blogdoralfereis\/wp-content\/uploads\/sites\/11\/2019\/04\/eduardo-cunha-piscando.jpg","jetpack_sharing_enabled":true,"_links":{"self":[{"href":"https:\/\/www.tribunanf.com.br\/blogdoralfereis\/wp-json\/wp\/v2\/posts\/6777","targetHints":{"allow":["GET"]}}],"collection":[{"href":"https:\/\/www.tribunanf.com.br\/blogdoralfereis\/wp-json\/wp\/v2\/posts"}],"about":[{"href":"https:\/\/www.tribunanf.com.br\/blogdoralfereis\/wp-json\/wp\/v2\/types\/post"}],"author":[{"embeddable":true,"href":"https:\/\/www.tribunanf.com.br\/blogdoralfereis\/wp-json\/wp\/v2\/users\/2"}],"replies":[{"embeddable":true,"href":"https:\/\/www.tribunanf.com.br\/blogdoralfereis\/wp-json\/wp\/v2\/comments?post=6777"}],"version-history":[{"count":0,"href":"https:\/\/www.tribunanf.com.br\/blogdoralfereis\/wp-json\/wp\/v2\/posts\/6777\/revisions"}],"wp:featuredmedia":[{"embeddable":true,"href":"https:\/\/www.tribunanf.com.br\/blogdoralfereis\/wp-json\/wp\/v2\/media\/1804"}],"wp:attachment":[{"href":"https:\/\/www.tribunanf.com.br\/blogdoralfereis\/wp-json\/wp\/v2\/media?parent=6777"}],"wp:term":[{"taxonomy":"category","embeddable":true,"href":"https:\/\/www.tribunanf.com.br\/blogdoralfereis\/wp-json\/wp\/v2\/categories?post=6777"},{"taxonomy":"post_tag","embeddable":true,"href":"https:\/\/www.tribunanf.com.br\/blogdoralfereis\/wp-json\/wp\/v2\/tags?post=6777"}],"curies":[{"name":"wp","href":"https:\/\/api.w.org\/{rel}","templated":true}]}}