{"id":6774,"date":"2021-05-06T11:06:51","date_gmt":"2021-05-06T14:06:51","guid":{"rendered":"https:\/\/www.tribunanf.com.br\/blogdoralfereis\/?p=6774"},"modified":"2021-05-06T11:06:51","modified_gmt":"2021-05-06T14:06:51","slug":"lula-esta-leve-e-candidatissimo-diz-gilberto-kassab","status":"publish","type":"post","link":"https:\/\/www.tribunanf.com.br\/blogdoralfereis\/2021\/05\/06\/lula-esta-leve-e-candidatissimo-diz-gilberto-kassab\/","title":{"rendered":"&#8220;Lula est\u00e1 leve e candidat\u00edssimo&#8221;, diz Gilberto Kassab"},"content":{"rendered":"<p><img loading=\"lazy\" decoding=\"async\" class=\"aligncenter size-full wp-image-6775\" src=\"https:\/\/www.tribunanf.com.br\/blogdoralfereis\/wp-content\/uploads\/sites\/11\/2021\/05\/Gilberto-Kassab-e1620309987875.png\" alt=\"\" width=\"600\" height=\"400\" \/><\/p>\n<p style=\"text-align: justify;\">Gilberto Kassab esteve ontem com Lula em Bras\u00edlia.<\/p>\n<p style=\"text-align: justify;\">O presidente nacional do PSD disse que a visita foi \u201csuper institucional\u201d e repetiu que o partido tem posi\u00e7\u00e3o de \u201cindepend\u00eancia\u201d.<\/p>\n<p style=\"text-align: justify;\">Kassab tamb\u00e9m afirmou que continuar\u00e1 \u201ctendo di\u00e1logo com a esquerda, porque isso \u00e9 bom para o Brasil\u201d e, ao mesmo tempo, votando projetos do governo de Jair Bolsonaro que sejam \u201cimportantes para o pa\u00eds\u201d.<\/p>\n<p style=\"text-align: justify;\">O presidente partid\u00e1rio saiu do encontro com Lula com a impress\u00e3o de que o petista \u201cest\u00e1 leve e \u00e9 candidat\u00edssimo\u201d para 2022.<\/p>\n<p style=\"text-align: justify;\">Fonte: O Antagonista<\/p>\n","protected":false},"excerpt":{"rendered":"<p>Gilberto Kassab esteve ontem com Lula em Bras\u00edlia. O presidente nacional do PSD disse que a visita foi \u201csuper institucional\u201d&#8230;<\/p>\n","protected":false},"author":2,"featured_media":6775,"comment_status":"open","ping_status":"open","sticky":false,"template":"","format":"standard","meta":{"colormag_page_container_layout":"default_layout","colormag_page_sidebar_layout":"default_layout","jetpack_post_was_ever_published":false,"_jetpack_newsletter_access":"","_jetpack_dont_email_post_to_subs":false,"_jetpack_newsletter_tier_id":0,"_jetpack_memberships_contains_paywalled_content":false,"_jetpack_memberships_contains_paid_content":false,"footnotes":""},"categories":[2],"tags":[],"class_list":["post-6774","post","type-post","status-publish","format-standard","has-post-thumbnail","hentry","category-politica"],"jetpack_featured_media_url":"https:\/\/www.tribunanf.com.br\/blogdoralfereis\/wp-content\/uploads\/sites\/11\/2021\/05\/Gilberto-Kassab-e1620309987875.png","jetpack_sharing_enabled":true,"_links":{"self":[{"href":"https:\/\/www.tribunanf.com.br\/blogdoralfereis\/wp-json\/wp\/v2\/posts\/6774","targetHints":{"allow":["GET"]}}],"collection":[{"href":"https:\/\/www.tribunanf.com.br\/blogdoralfereis\/wp-json\/wp\/v2\/posts"}],"about":[{"href":"https:\/\/www.tribunanf.com.br\/blogdoralfereis\/wp-json\/wp\/v2\/types\/post"}],"author":[{"embeddable":true,"href":"https:\/\/www.tribunanf.com.br\/blogdoralfereis\/wp-json\/wp\/v2\/users\/2"}],"replies":[{"embeddable":true,"href":"https:\/\/www.tribunanf.com.br\/blogdoralfereis\/wp-json\/wp\/v2\/comments?post=6774"}],"version-history":[{"count":0,"href":"https:\/\/www.tribunanf.com.br\/blogdoralfereis\/wp-json\/wp\/v2\/posts\/6774\/revisions"}],"wp:featuredmedia":[{"embeddable":true,"href":"https:\/\/www.tribunanf.com.br\/blogdoralfereis\/wp-json\/wp\/v2\/media\/6775"}],"wp:attachment":[{"href":"https:\/\/www.tribunanf.com.br\/blogdoralfereis\/wp-json\/wp\/v2\/media?parent=6774"}],"wp:term":[{"taxonomy":"category","embeddable":true,"href":"https:\/\/www.tribunanf.com.br\/blogdoralfereis\/wp-json\/wp\/v2\/categories?post=6774"},{"taxonomy":"post_tag","embeddable":true,"href":"https:\/\/www.tribunanf.com.br\/blogdoralfereis\/wp-json\/wp\/v2\/tags?post=6774"}],"curies":[{"name":"wp","href":"https:\/\/api.w.org\/{rel}","templated":true}]}}