{"id":675,"date":"2018-08-13T20:51:24","date_gmt":"2018-08-13T23:51:24","guid":{"rendered":"http:\/\/www.tribunanf.com.br\/blogdoralfereis\/?p=675"},"modified":"2018-08-13T20:53:42","modified_gmt":"2018-08-13T23:53:42","slug":"tce-da-24-h-para-a-prefeitura-de-campos-passar-informacoes-sobre-licitacao-da-iluminacao","status":"publish","type":"post","link":"https:\/\/www.tribunanf.com.br\/blogdoralfereis\/2018\/08\/13\/tce-da-24-h-para-a-prefeitura-de-campos-passar-informacoes-sobre-licitacao-da-iluminacao\/","title":{"rendered":"TCE d\u00e1 24 h para a prefeitura de Campos passar informa\u00e7\u00f5es sobre licita\u00e7\u00e3o da ilumina\u00e7\u00e3o"},"content":{"rendered":"<p><img loading=\"lazy\" decoding=\"async\" class=\"aligncenter size-full wp-image-130\" src=\"http:\/\/www.tribunanf.com.br\/blogdoralfereis\/wp-content\/uploads\/sites\/11\/2018\/06\/rafael.jpg\" alt=\"\" width=\"750\" height=\"350\" srcset=\"https:\/\/www.tribunanf.com.br\/blogdoralfereis\/wp-content\/uploads\/sites\/11\/2018\/06\/rafael.jpg 750w, https:\/\/www.tribunanf.com.br\/blogdoralfereis\/wp-content\/uploads\/sites\/11\/2018\/06\/rafael-300x140.jpg 300w\" sizes=\"auto, (max-width: 750px) 100vw, 750px\" \/><\/p>\n<p style=\"text-align: justify;\">A presidente do Tribunal de Contas do Estado,\u00a0Marianna Montebello Willeman, determinou que a prefeitura de Campos dos Goytacazes repasse informa\u00e7\u00f5es sobre a licita\u00e7\u00e3o da ilumina\u00e7\u00e3o p\u00fablica.<\/p>\n<p style=\"text-align: justify;\">A decis\u00e3o foi em uma representa\u00e7\u00e3o proposta pela empresa\u00a0ILUMISUL SOLU\u00c7\u00d5ES URBANAS E LUMINOT\u00c9CNICA LTDA, que participou do certame.<\/p>\n<p style=\"text-align: justify;\">No despacho, a presidente do TCE afirma &#8220;&#8230; que n\u00e3o obtive \u00eaxito na busca de informa\u00e7\u00f5es sobre o certame na p\u00e1gina eletr\u00f4nica do munic\u00edpio. Aparentemente, o site da municipalidade s\u00f3 disponibiliza informa\u00e7\u00f5es mais completas sobre as licita\u00e7\u00f5es que versam sobre aquisi\u00e7\u00f5es (https:\/\/transparencia.campos.rj.gov.br\/aquisicoes-licitacoes), n\u00e3o havendo informa\u00e7\u00f5es sobre as licita\u00e7\u00f5es que buscam a contrata\u00e7\u00e3o de servi\u00e7os, como no presente caso&#8221;<\/p>\n<p>Confira a decis\u00e3o:<\/p>\n<p><img loading=\"lazy\" decoding=\"async\" class=\"aligncenter size-full wp-image-676\" src=\"http:\/\/www.tribunanf.com.br\/blogdoralfereis\/wp-content\/uploads\/sites\/11\/2018\/08\/ilumina\u00e7\u00e3o-1.jpg\" alt=\"\" width=\"1654\" height=\"2339\" srcset=\"https:\/\/www.tribunanf.com.br\/blogdoralfereis\/wp-content\/uploads\/sites\/11\/2018\/08\/ilumina\u00e7\u00e3o-1.jpg 1654w, https:\/\/www.tribunanf.com.br\/blogdoralfereis\/wp-content\/uploads\/sites\/11\/2018\/08\/ilumina\u00e7\u00e3o-1-212x300.jpg 212w, https:\/\/www.tribunanf.com.br\/blogdoralfereis\/wp-content\/uploads\/sites\/11\/2018\/08\/ilumina\u00e7\u00e3o-1-768x1086.jpg 768w, https:\/\/www.tribunanf.com.br\/blogdoralfereis\/wp-content\/uploads\/sites\/11\/2018\/08\/ilumina\u00e7\u00e3o-1-724x1024.jpg 724w\" sizes=\"auto, (max-width: 1654px) 100vw, 1654px\" \/> <img loading=\"lazy\" decoding=\"async\" class=\"aligncenter size-full wp-image-677\" src=\"http:\/\/www.tribunanf.com.br\/blogdoralfereis\/wp-content\/uploads\/sites\/11\/2018\/08\/ilumina\u00e7\u00e3o-2.jpg\" alt=\"\" width=\"1654\" height=\"2339\" srcset=\"https:\/\/www.tribunanf.com.br\/blogdoralfereis\/wp-content\/uploads\/sites\/11\/2018\/08\/ilumina\u00e7\u00e3o-2.jpg 1654w, https:\/\/www.tribunanf.com.br\/blogdoralfereis\/wp-content\/uploads\/sites\/11\/2018\/08\/ilumina\u00e7\u00e3o-2-212x300.jpg 212w, https:\/\/www.tribunanf.com.br\/blogdoralfereis\/wp-content\/uploads\/sites\/11\/2018\/08\/ilumina\u00e7\u00e3o-2-768x1086.jpg 768w, https:\/\/www.tribunanf.com.br\/blogdoralfereis\/wp-content\/uploads\/sites\/11\/2018\/08\/ilumina\u00e7\u00e3o-2-724x1024.jpg 724w\" sizes=\"auto, (max-width: 1654px) 100vw, 1654px\" \/> <img loading=\"lazy\" decoding=\"async\" class=\"aligncenter size-full wp-image-678\" src=\"http:\/\/www.tribunanf.com.br\/blogdoralfereis\/wp-content\/uploads\/sites\/11\/2018\/08\/ilumina\u00e7\u00e3o-3.jpg\" alt=\"\" width=\"1654\" height=\"2339\" srcset=\"https:\/\/www.tribunanf.com.br\/blogdoralfereis\/wp-content\/uploads\/sites\/11\/2018\/08\/ilumina\u00e7\u00e3o-3.jpg 1654w, https:\/\/www.tribunanf.com.br\/blogdoralfereis\/wp-content\/uploads\/sites\/11\/2018\/08\/ilumina\u00e7\u00e3o-3-212x300.jpg 212w, https:\/\/www.tribunanf.com.br\/blogdoralfereis\/wp-content\/uploads\/sites\/11\/2018\/08\/ilumina\u00e7\u00e3o-3-768x1086.jpg 768w, https:\/\/www.tribunanf.com.br\/blogdoralfereis\/wp-content\/uploads\/sites\/11\/2018\/08\/ilumina\u00e7\u00e3o-3-724x1024.jpg 724w\" sizes=\"auto, (max-width: 1654px) 100vw, 1654px\" \/><\/p>\n","protected":false},"excerpt":{"rendered":"<p>A presidente do Tribunal de Contas do Estado,\u00a0Marianna Montebello Willeman, determinou que a prefeitura de Campos dos Goytacazes repasse informa\u00e7\u00f5es&#8230;<\/p>\n","protected":false},"author":2,"featured_media":130,"comment_status":"open","ping_status":"open","sticky":false,"template":"","format":"standard","meta":{"colormag_page_container_layout":"default_layout","colormag_page_sidebar_layout":"default_layout","jetpack_post_was_ever_published":false,"_jetpack_newsletter_access":"","_jetpack_dont_email_post_to_subs":false,"_jetpack_newsletter_tier_id":0,"_jetpack_memberships_contains_paywalled_content":false,"_jetpack_memberships_contains_paid_content":false,"footnotes":""},"categories":[2],"tags":[],"class_list":["post-675","post","type-post","status-publish","format-standard","has-post-thumbnail","hentry","category-politica"],"jetpack_featured_media_url":"https:\/\/www.tribunanf.com.br\/blogdoralfereis\/wp-content\/uploads\/sites\/11\/2018\/06\/rafael.jpg","jetpack_sharing_enabled":true,"_links":{"self":[{"href":"https:\/\/www.tribunanf.com.br\/blogdoralfereis\/wp-json\/wp\/v2\/posts\/675","targetHints":{"allow":["GET"]}}],"collection":[{"href":"https:\/\/www.tribunanf.com.br\/blogdoralfereis\/wp-json\/wp\/v2\/posts"}],"about":[{"href":"https:\/\/www.tribunanf.com.br\/blogdoralfereis\/wp-json\/wp\/v2\/types\/post"}],"author":[{"embeddable":true,"href":"https:\/\/www.tribunanf.com.br\/blogdoralfereis\/wp-json\/wp\/v2\/users\/2"}],"replies":[{"embeddable":true,"href":"https:\/\/www.tribunanf.com.br\/blogdoralfereis\/wp-json\/wp\/v2\/comments?post=675"}],"version-history":[{"count":0,"href":"https:\/\/www.tribunanf.com.br\/blogdoralfereis\/wp-json\/wp\/v2\/posts\/675\/revisions"}],"wp:featuredmedia":[{"embeddable":true,"href":"https:\/\/www.tribunanf.com.br\/blogdoralfereis\/wp-json\/wp\/v2\/media\/130"}],"wp:attachment":[{"href":"https:\/\/www.tribunanf.com.br\/blogdoralfereis\/wp-json\/wp\/v2\/media?parent=675"}],"wp:term":[{"taxonomy":"category","embeddable":true,"href":"https:\/\/www.tribunanf.com.br\/blogdoralfereis\/wp-json\/wp\/v2\/categories?post=675"},{"taxonomy":"post_tag","embeddable":true,"href":"https:\/\/www.tribunanf.com.br\/blogdoralfereis\/wp-json\/wp\/v2\/tags?post=675"}],"curies":[{"name":"wp","href":"https:\/\/api.w.org\/{rel}","templated":true}]}}