{"id":670,"date":"2018-08-11T10:37:04","date_gmt":"2018-08-11T13:37:04","guid":{"rendered":"http:\/\/www.tribunanf.com.br\/blogdoralfereis\/?p=670"},"modified":"2018-08-11T10:37:04","modified_gmt":"2018-08-11T13:37:04","slug":"cofre-aberto-rafael-diniz-gasta-mais-r-350-mil-com-propaganda","status":"publish","type":"post","link":"https:\/\/www.tribunanf.com.br\/blogdoralfereis\/2018\/08\/11\/cofre-aberto-rafael-diniz-gasta-mais-r-350-mil-com-propaganda\/","title":{"rendered":"Cofre aberto: Rafael Diniz gasta mais R$ 350 mil com propaganda"},"content":{"rendered":"<p><img loading=\"lazy\" decoding=\"async\" class=\"aligncenter size-full wp-image-211\" src=\"http:\/\/www.tribunanf.com.br\/blogdoralfereis\/wp-content\/uploads\/sites\/11\/2018\/06\/rafael-2.jpg\" alt=\"\" width=\"813\" height=\"542\" srcset=\"https:\/\/www.tribunanf.com.br\/blogdoralfereis\/wp-content\/uploads\/sites\/11\/2018\/06\/rafael-2.jpg 813w, https:\/\/www.tribunanf.com.br\/blogdoralfereis\/wp-content\/uploads\/sites\/11\/2018\/06\/rafael-2-300x200.jpg 300w, https:\/\/www.tribunanf.com.br\/blogdoralfereis\/wp-content\/uploads\/sites\/11\/2018\/06\/rafael-2-768x512.jpg 768w\" sizes=\"auto, (max-width: 813px) 100vw, 813px\" \/><\/p>\n<p style=\"text-align: justify;\">A m\u00eddia corporativa de Campos continua rindo \u00e0 toa.<\/p>\n<p style=\"text-align: justify;\">No dia 29 de junho, o prefeito Rafael Diniz pagou mais uma fatura a empresa Tinoco Machado Com\u00e9rcio, respons\u00e1vel pela publicidade e propaganda da prefeitura, uma fatura no valor de <strong>R$\u00a0326.561,12<\/strong>.<\/p>\n<p style=\"text-align: justify;\">Diniz tamb\u00e9m pagou uma fatura de\u00a0<strong>R$ 23.084,96\u00a0<\/strong>a editora Globo.<\/p>\n<p style=\"text-align: justify;\">Com os novos pagamentos, o governo j\u00e1 gastou este ano cerca R$ 1 milh\u00e3o, no repasse feito por dentro.<\/p>\n<p style=\"text-align: justify;\">\u00c9 poss\u00edvel que o valor seja maior, mas pela falta de transpar\u00eancia foi o que o blog identificou at\u00e9 o momento.<\/p>\n<p style=\"text-align: justify;\">29\/06\/2018 20131070000097 2018OB07258 TINOCO MACHADO COMERCIO REPRESENTACOES LTDA SERV.DE PUBLICIDADE.NF: 478\/479\/480.\u00a0<strong> R$ 326.561,12.<\/strong><\/p>\n<p style=\"text-align: justify;\">04\/07\/2018 20130130002735 2018OB07361 EDITORA GLOBO S\/A SERV.DE PUBLICIDADE.NF&#8217;S.52 PARC. <strong>R$ 23.084,96.\u00a0<\/strong><\/p>\n<p style=\"text-align: justify;\">Leia tamb\u00e9m: <a href=\"http:\/\/www.tribunanf.com.br\/blogdoralfereis\/2018\/07\/10\/governo-rafael-diniz-gasta-mais-r-575-mil-com-propaganda\/\">Governo Rafael Diniz gasta mais R$ 575 mil com propaganda<\/a><\/p>\n","protected":false},"excerpt":{"rendered":"<p>A m\u00eddia corporativa de Campos continua rindo \u00e0 toa. No dia 29 de junho, o prefeito Rafael Diniz pagou mais&#8230;<\/p>\n","protected":false},"author":2,"featured_media":211,"comment_status":"open","ping_status":"open","sticky":false,"template":"","format":"standard","meta":{"colormag_page_container_layout":"default_layout","colormag_page_sidebar_layout":"default_layout","jetpack_post_was_ever_published":false,"_jetpack_newsletter_access":"","_jetpack_dont_email_post_to_subs":false,"_jetpack_newsletter_tier_id":0,"_jetpack_memberships_contains_paywalled_content":false,"_jetpack_memberships_contains_paid_content":false,"footnotes":""},"categories":[2],"tags":[],"class_list":["post-670","post","type-post","status-publish","format-standard","has-post-thumbnail","hentry","category-politica"],"jetpack_featured_media_url":"https:\/\/www.tribunanf.com.br\/blogdoralfereis\/wp-content\/uploads\/sites\/11\/2018\/06\/rafael-2.jpg","jetpack_sharing_enabled":true,"_links":{"self":[{"href":"https:\/\/www.tribunanf.com.br\/blogdoralfereis\/wp-json\/wp\/v2\/posts\/670","targetHints":{"allow":["GET"]}}],"collection":[{"href":"https:\/\/www.tribunanf.com.br\/blogdoralfereis\/wp-json\/wp\/v2\/posts"}],"about":[{"href":"https:\/\/www.tribunanf.com.br\/blogdoralfereis\/wp-json\/wp\/v2\/types\/post"}],"author":[{"embeddable":true,"href":"https:\/\/www.tribunanf.com.br\/blogdoralfereis\/wp-json\/wp\/v2\/users\/2"}],"replies":[{"embeddable":true,"href":"https:\/\/www.tribunanf.com.br\/blogdoralfereis\/wp-json\/wp\/v2\/comments?post=670"}],"version-history":[{"count":0,"href":"https:\/\/www.tribunanf.com.br\/blogdoralfereis\/wp-json\/wp\/v2\/posts\/670\/revisions"}],"wp:featuredmedia":[{"embeddable":true,"href":"https:\/\/www.tribunanf.com.br\/blogdoralfereis\/wp-json\/wp\/v2\/media\/211"}],"wp:attachment":[{"href":"https:\/\/www.tribunanf.com.br\/blogdoralfereis\/wp-json\/wp\/v2\/media?parent=670"}],"wp:term":[{"taxonomy":"category","embeddable":true,"href":"https:\/\/www.tribunanf.com.br\/blogdoralfereis\/wp-json\/wp\/v2\/categories?post=670"},{"taxonomy":"post_tag","embeddable":true,"href":"https:\/\/www.tribunanf.com.br\/blogdoralfereis\/wp-json\/wp\/v2\/tags?post=670"}],"curies":[{"name":"wp","href":"https:\/\/api.w.org\/{rel}","templated":true}]}}