{"id":666,"date":"2018-08-11T09:59:47","date_gmt":"2018-08-11T12:59:47","guid":{"rendered":"http:\/\/www.tribunanf.com.br\/blogdoralfereis\/?p=666"},"modified":"2018-08-11T09:59:47","modified_gmt":"2018-08-11T12:59:47","slug":"papinha-sera-o-representante-de-bolsonaro-na-regiao","status":"publish","type":"post","link":"https:\/\/www.tribunanf.com.br\/blogdoralfereis\/2018\/08\/11\/papinha-sera-o-representante-de-bolsonaro-na-regiao\/","title":{"rendered":"Papinha ser\u00e1 o representante de Bolsonaro na regi\u00e3o"},"content":{"rendered":"<p><img loading=\"lazy\" decoding=\"async\" class=\"aligncenter size-full wp-image-667\" src=\"http:\/\/www.tribunanf.com.br\/blogdoralfereis\/wp-content\/uploads\/sites\/11\/2018\/08\/papinha.jpg\" alt=\"\" width=\"628\" height=\"628\" srcset=\"https:\/\/www.tribunanf.com.br\/blogdoralfereis\/wp-content\/uploads\/sites\/11\/2018\/08\/papinha.jpg 628w, https:\/\/www.tribunanf.com.br\/blogdoralfereis\/wp-content\/uploads\/sites\/11\/2018\/08\/papinha-150x150.jpg 150w, https:\/\/www.tribunanf.com.br\/blogdoralfereis\/wp-content\/uploads\/sites\/11\/2018\/08\/papinha-300x300.jpg 300w\" sizes=\"auto, (max-width: 628px) 100vw, 628px\" \/><\/p>\n<p style=\"text-align: justify;\">Filiado ao partido PSL, o ex-vereador Papinha, de Travess\u00e3o, \u00e9 o candidato a deputado federal ligado ao presidencial Jair Bolsonaro na regi\u00e3o.<\/p>\n<p style=\"text-align: justify;\">Um dos estaduais que far\u00e3o dobradinha com Papinha \u00e9 Gil Vianna, tamb\u00e9m alinhado a Bolsonaro.<\/p>\n","protected":false},"excerpt":{"rendered":"<p>Filiado ao partido PSL, o ex-vereador Papinha, de Travess\u00e3o, \u00e9 o candidato a deputado federal ligado ao presidencial Jair Bolsonaro&#8230;<\/p>\n","protected":false},"author":2,"featured_media":667,"comment_status":"open","ping_status":"open","sticky":false,"template":"","format":"standard","meta":{"colormag_page_container_layout":"default_layout","colormag_page_sidebar_layout":"default_layout","jetpack_post_was_ever_published":false,"_jetpack_newsletter_access":"","_jetpack_dont_email_post_to_subs":false,"_jetpack_newsletter_tier_id":0,"_jetpack_memberships_contains_paywalled_content":false,"_jetpack_memberships_contains_paid_content":false,"footnotes":""},"categories":[2],"tags":[],"class_list":["post-666","post","type-post","status-publish","format-standard","has-post-thumbnail","hentry","category-politica"],"jetpack_featured_media_url":"https:\/\/www.tribunanf.com.br\/blogdoralfereis\/wp-content\/uploads\/sites\/11\/2018\/08\/papinha.jpg","jetpack_sharing_enabled":true,"_links":{"self":[{"href":"https:\/\/www.tribunanf.com.br\/blogdoralfereis\/wp-json\/wp\/v2\/posts\/666","targetHints":{"allow":["GET"]}}],"collection":[{"href":"https:\/\/www.tribunanf.com.br\/blogdoralfereis\/wp-json\/wp\/v2\/posts"}],"about":[{"href":"https:\/\/www.tribunanf.com.br\/blogdoralfereis\/wp-json\/wp\/v2\/types\/post"}],"author":[{"embeddable":true,"href":"https:\/\/www.tribunanf.com.br\/blogdoralfereis\/wp-json\/wp\/v2\/users\/2"}],"replies":[{"embeddable":true,"href":"https:\/\/www.tribunanf.com.br\/blogdoralfereis\/wp-json\/wp\/v2\/comments?post=666"}],"version-history":[{"count":0,"href":"https:\/\/www.tribunanf.com.br\/blogdoralfereis\/wp-json\/wp\/v2\/posts\/666\/revisions"}],"wp:featuredmedia":[{"embeddable":true,"href":"https:\/\/www.tribunanf.com.br\/blogdoralfereis\/wp-json\/wp\/v2\/media\/667"}],"wp:attachment":[{"href":"https:\/\/www.tribunanf.com.br\/blogdoralfereis\/wp-json\/wp\/v2\/media?parent=666"}],"wp:term":[{"taxonomy":"category","embeddable":true,"href":"https:\/\/www.tribunanf.com.br\/blogdoralfereis\/wp-json\/wp\/v2\/categories?post=666"},{"taxonomy":"post_tag","embeddable":true,"href":"https:\/\/www.tribunanf.com.br\/blogdoralfereis\/wp-json\/wp\/v2\/tags?post=666"}],"curies":[{"name":"wp","href":"https:\/\/api.w.org\/{rel}","templated":true}]}}