{"id":664,"date":"2018-08-10T17:57:45","date_gmt":"2018-08-10T20:57:45","guid":{"rendered":"http:\/\/www.tribunanf.com.br\/blogdoralfereis\/?p=664"},"modified":"2018-08-10T17:57:45","modified_gmt":"2018-08-10T20:57:45","slug":"cofre-aberto-rafael-diniz-ja-gastou-r-200-mil-com-aluguel-do-cineminha-da-educacao","status":"publish","type":"post","link":"https:\/\/www.tribunanf.com.br\/blogdoralfereis\/2018\/08\/10\/cofre-aberto-rafael-diniz-ja-gastou-r-200-mil-com-aluguel-do-cineminha-da-educacao\/","title":{"rendered":"Cofre aberto: Rafael Diniz j\u00e1 gastou R$ 200 mil com aluguel do cineminha da educa\u00e7\u00e3o"},"content":{"rendered":"<p><img loading=\"lazy\" decoding=\"async\" class=\"aligncenter size-full wp-image-252\" src=\"http:\/\/www.tribunanf.com.br\/blogdoralfereis\/wp-content\/uploads\/sites\/11\/2018\/06\/rafael-diniz-educa\u00e7ao-C\u00f3pia.jpg\" alt=\"\" width=\"715\" height=\"400\" srcset=\"https:\/\/www.tribunanf.com.br\/blogdoralfereis\/wp-content\/uploads\/sites\/11\/2018\/06\/rafael-diniz-educa\u00e7ao-C\u00f3pia.jpg 715w, https:\/\/www.tribunanf.com.br\/blogdoralfereis\/wp-content\/uploads\/sites\/11\/2018\/06\/rafael-diniz-educa\u00e7ao-C\u00f3pia-300x168.jpg 300w\" sizes=\"auto, (max-width: 715px) 100vw, 715px\" \/><\/p>\n<p style=\"text-align: justify;\">Lembra do esc\u00e2ndalo do cineminha denunciado pelo blog no in\u00edcio deste ano? Pois bem. O governo Rafael Diniz j\u00e1 pagou R$ 200 mil pelo aluguel do projeto cinema itinerante na Educa\u00e7\u00e3o.<\/p>\n<p style=\"text-align: justify;\">O valor total do contrato \u00e9 de R$ 640 mil, podendo ultrapassar R$ 1 milh\u00e3o com aditivos. A verba utilizada para custear o projeto \u00e9 federal e chega atrav\u00e9s do Fundeb.<\/p>\n<p style=\"text-align: justify;\">Enquanto o governo municipal gasta com cineminha, profissionais da educa\u00e7\u00e3o querem saber sobre a Bienal do Livro, que ainda estaria em fase de planejamento por falta de recursos.<\/p>\n<p style=\"text-align: justify;\">13\/07\/2018 20171030000797 2018OB08071 ALVES EMPREENDIMENTOS LTDA PROJ.CINEMA ITINERANTE P\/ ESCOLA.NF\u00a0 <strong>R$ 155.536,00<\/strong>.<\/p>\n<p>\u00c9 poss\u00edvel que esse valor seja superior, mas com a falta de atualiza\u00e7\u00f5es do portal da transpar\u00eancia fica dif\u00edcil identificar.<\/p>\n<p style=\"text-align: justify;\">Confira o primeiro pagamento da fatura e mais informa\u00e7\u00f5es sobre o contrato:\u00a0<a href=\"http:\/\/www.tribunanf.com.br\/blogdoralfereis\/2018\/07\/05\/cofre-aberto-governo-rafael-diniz-paga-primeira-fatura-de-r-46-mil-do-cineminha-da-educacao\/\">Cofre aberto: Governo Rafael Diniz paga primeira fatura de R$ 46 mil do cineminha da educa\u00e7\u00e3o<\/a><\/p>\n","protected":false},"excerpt":{"rendered":"<p>Lembra do esc\u00e2ndalo do cineminha denunciado pelo blog no in\u00edcio deste ano? Pois bem. O governo Rafael Diniz j\u00e1 pagou&#8230;<\/p>\n","protected":false},"author":2,"featured_media":252,"comment_status":"open","ping_status":"open","sticky":false,"template":"","format":"standard","meta":{"colormag_page_container_layout":"default_layout","colormag_page_sidebar_layout":"default_layout","jetpack_post_was_ever_published":false,"_jetpack_newsletter_access":"","_jetpack_dont_email_post_to_subs":false,"_jetpack_newsletter_tier_id":0,"_jetpack_memberships_contains_paywalled_content":false,"_jetpack_memberships_contains_paid_content":false,"footnotes":""},"categories":[2],"tags":[6,4],"class_list":["post-664","post","type-post","status-publish","format-standard","has-post-thumbnail","hentry","category-politica","tag-campos-dos-goytacazes","tag-rafael-diniz"],"jetpack_featured_media_url":"https:\/\/www.tribunanf.com.br\/blogdoralfereis\/wp-content\/uploads\/sites\/11\/2018\/06\/rafael-diniz-educa\u00e7ao-C\u00f3pia.jpg","jetpack_sharing_enabled":true,"_links":{"self":[{"href":"https:\/\/www.tribunanf.com.br\/blogdoralfereis\/wp-json\/wp\/v2\/posts\/664","targetHints":{"allow":["GET"]}}],"collection":[{"href":"https:\/\/www.tribunanf.com.br\/blogdoralfereis\/wp-json\/wp\/v2\/posts"}],"about":[{"href":"https:\/\/www.tribunanf.com.br\/blogdoralfereis\/wp-json\/wp\/v2\/types\/post"}],"author":[{"embeddable":true,"href":"https:\/\/www.tribunanf.com.br\/blogdoralfereis\/wp-json\/wp\/v2\/users\/2"}],"replies":[{"embeddable":true,"href":"https:\/\/www.tribunanf.com.br\/blogdoralfereis\/wp-json\/wp\/v2\/comments?post=664"}],"version-history":[{"count":0,"href":"https:\/\/www.tribunanf.com.br\/blogdoralfereis\/wp-json\/wp\/v2\/posts\/664\/revisions"}],"wp:featuredmedia":[{"embeddable":true,"href":"https:\/\/www.tribunanf.com.br\/blogdoralfereis\/wp-json\/wp\/v2\/media\/252"}],"wp:attachment":[{"href":"https:\/\/www.tribunanf.com.br\/blogdoralfereis\/wp-json\/wp\/v2\/media?parent=664"}],"wp:term":[{"taxonomy":"category","embeddable":true,"href":"https:\/\/www.tribunanf.com.br\/blogdoralfereis\/wp-json\/wp\/v2\/categories?post=664"},{"taxonomy":"post_tag","embeddable":true,"href":"https:\/\/www.tribunanf.com.br\/blogdoralfereis\/wp-json\/wp\/v2\/tags?post=664"}],"curies":[{"name":"wp","href":"https:\/\/api.w.org\/{rel}","templated":true}]}}