{"id":6621,"date":"2021-04-11T13:21:53","date_gmt":"2021-04-11T16:21:53","guid":{"rendered":"https:\/\/www.tribunanf.com.br\/blogdoralfereis\/?p=6621"},"modified":"2021-04-11T13:39:20","modified_gmt":"2021-04-11T16:39:20","slug":"alianca-de-castro-com-mdb-abre-vaga-para-ex-deputado-delatado-na-lava-jato-rj","status":"publish","type":"post","link":"https:\/\/www.tribunanf.com.br\/blogdoralfereis\/2021\/04\/11\/alianca-de-castro-com-mdb-abre-vaga-para-ex-deputado-delatado-na-lava-jato-rj\/","title":{"rendered":"Alian\u00e7a de Castro com MDB abre vaga para ex-deputado delatado na Lava Jato RJ"},"content":{"rendered":"<p><img loading=\"lazy\" decoding=\"async\" class=\"aligncenter size-full wp-image-4849\" src=\"https:\/\/www.tribunanf.com.br\/blogdoralfereis\/wp-content\/uploads\/sites\/11\/2020\/09\/claudio_castro.jpg\" alt=\"\" width=\"640\" height=\"424\" srcset=\"https:\/\/www.tribunanf.com.br\/blogdoralfereis\/wp-content\/uploads\/sites\/11\/2020\/09\/claudio_castro.jpg 640w, https:\/\/www.tribunanf.com.br\/blogdoralfereis\/wp-content\/uploads\/sites\/11\/2020\/09\/claudio_castro-300x199.jpg 300w\" sizes=\"auto, (max-width: 640px) 100vw, 640px\" \/><\/p>\n<p style=\"text-align: justify;\">A iniciativa do governador em exerc\u00edcio Cl\u00e1udio Castro em criar uma secretaria para o MDB pode dar vaga ao ex-deputado J\u00falio Lopes.<\/p>\n<p style=\"text-align: justify;\">Lopes \u00e9 suplente do MDB, e assumiria a vaga de Vin\u00edcius Farah, cotado para a nova secretaria. Farah estaria com um p\u00e9 no PP, mas a vaga continua sendo do MDB.<\/p>\n<p style=\"text-align: justify;\">Por\u00e9m, J\u00falio Lopes ainda tem algumas pend\u00eancias na Lava Jato. Segundo o anexo 15 da dela\u00e7\u00e3o de Jos\u00e9 Carlos Lavouras, Lopes recebia uma mesada de R$ 100 mil quando era secretario de Transportes de S\u00e9rgio Cabral. (leia aqui: <a href=\"https:\/\/www.tribunanf.com.br\/delacao-de-jose-carlos-lavouras-abre-nova-frente-de-investigacoes-sobre-o-mais-duradouro-esquema-de-corrupcao-no-rio\/\">Dela\u00e7\u00e3o de Jos\u00e9 Carlos Lavouras abre nova frente de investiga\u00e7\u00f5es sobre o mais duradouro esquema de corrup\u00e7\u00e3o no Rio<\/a>).<\/p>\n<p>Para fechar esse arco de alian\u00e7as, ainda tem o pr\u00f3ximo suplente, que \u00e9 Leonardo Picciani.<\/p>\n<p>Por essas alian\u00e7as, j\u00e1 da para saber como ser\u00e1 o fim do governo Castro.<\/p>\n<p>Leia tamb\u00e9m: <a href=\"https:\/\/www.tribunanf.com.br\/blogdoralfereis\/2021\/04\/11\/claudio-castro-cria-mais-uma-secretaria-para-acomodar-deputado-do-mdb\/\">Cl\u00e1udio Castro cria mais uma secretaria para acomodar deputado do MDB<\/a><\/p>\n","protected":false},"excerpt":{"rendered":"<p>A iniciativa do governador em exerc\u00edcio Cl\u00e1udio Castro em criar uma secretaria para o MDB pode dar vaga ao ex-deputado&#8230;<\/p>\n","protected":false},"author":2,"featured_media":4849,"comment_status":"open","ping_status":"open","sticky":false,"template":"","format":"standard","meta":{"colormag_page_container_layout":"default_layout","colormag_page_sidebar_layout":"default_layout","jetpack_post_was_ever_published":false,"_jetpack_newsletter_access":"","_jetpack_dont_email_post_to_subs":false,"_jetpack_newsletter_tier_id":0,"_jetpack_memberships_contains_paywalled_content":false,"_jetpack_memberships_contains_paid_content":false,"footnotes":""},"categories":[2],"tags":[],"class_list":["post-6621","post","type-post","status-publish","format-standard","has-post-thumbnail","hentry","category-politica"],"jetpack_featured_media_url":"https:\/\/www.tribunanf.com.br\/blogdoralfereis\/wp-content\/uploads\/sites\/11\/2020\/09\/claudio_castro.jpg","jetpack_sharing_enabled":true,"_links":{"self":[{"href":"https:\/\/www.tribunanf.com.br\/blogdoralfereis\/wp-json\/wp\/v2\/posts\/6621","targetHints":{"allow":["GET"]}}],"collection":[{"href":"https:\/\/www.tribunanf.com.br\/blogdoralfereis\/wp-json\/wp\/v2\/posts"}],"about":[{"href":"https:\/\/www.tribunanf.com.br\/blogdoralfereis\/wp-json\/wp\/v2\/types\/post"}],"author":[{"embeddable":true,"href":"https:\/\/www.tribunanf.com.br\/blogdoralfereis\/wp-json\/wp\/v2\/users\/2"}],"replies":[{"embeddable":true,"href":"https:\/\/www.tribunanf.com.br\/blogdoralfereis\/wp-json\/wp\/v2\/comments?post=6621"}],"version-history":[{"count":0,"href":"https:\/\/www.tribunanf.com.br\/blogdoralfereis\/wp-json\/wp\/v2\/posts\/6621\/revisions"}],"wp:featuredmedia":[{"embeddable":true,"href":"https:\/\/www.tribunanf.com.br\/blogdoralfereis\/wp-json\/wp\/v2\/media\/4849"}],"wp:attachment":[{"href":"https:\/\/www.tribunanf.com.br\/blogdoralfereis\/wp-json\/wp\/v2\/media?parent=6621"}],"wp:term":[{"taxonomy":"category","embeddable":true,"href":"https:\/\/www.tribunanf.com.br\/blogdoralfereis\/wp-json\/wp\/v2\/categories?post=6621"},{"taxonomy":"post_tag","embeddable":true,"href":"https:\/\/www.tribunanf.com.br\/blogdoralfereis\/wp-json\/wp\/v2\/tags?post=6621"}],"curies":[{"name":"wp","href":"https:\/\/api.w.org\/{rel}","templated":true}]}}