{"id":6595,"date":"2021-04-08T10:31:09","date_gmt":"2021-04-08T13:31:09","guid":{"rendered":"https:\/\/www.tribunanf.com.br\/blogdoralfereis\/?p=6595"},"modified":"2021-04-08T10:31:09","modified_gmt":"2021-04-08T13:31:09","slug":"caio-vianna-comeca-a-trabalhar-como-secretario-de-ciencia-e-tecnologia-em-niteroi","status":"publish","type":"post","link":"https:\/\/www.tribunanf.com.br\/blogdoralfereis\/2021\/04\/08\/caio-vianna-comeca-a-trabalhar-como-secretario-de-ciencia-e-tecnologia-em-niteroi\/","title":{"rendered":"Caio Vianna come\u00e7a a trabalhar como secret\u00e1rio de Ci\u00eancia e Tecnologia em Niter\u00f3i"},"content":{"rendered":"<p><img loading=\"lazy\" decoding=\"async\" class=\"aligncenter size-full wp-image-2597\" src=\"https:\/\/www.tribunanf.com.br\/blogdoralfereis\/wp-content\/uploads\/sites\/11\/2019\/08\/caio-1.jpg\" alt=\"\" width=\"960\" height=\"640\" srcset=\"https:\/\/www.tribunanf.com.br\/blogdoralfereis\/wp-content\/uploads\/sites\/11\/2019\/08\/caio-1.jpg 960w, https:\/\/www.tribunanf.com.br\/blogdoralfereis\/wp-content\/uploads\/sites\/11\/2019\/08\/caio-1-300x200.jpg 300w, https:\/\/www.tribunanf.com.br\/blogdoralfereis\/wp-content\/uploads\/sites\/11\/2019\/08\/caio-1-768x512.jpg 768w\" sizes=\"auto, (max-width: 960px) 100vw, 960px\" \/><\/p>\n<p style=\"text-align: justify;\">O candidato derrotado nas elei\u00e7\u00f5es municipais de Campos, Caio Vianna, come\u00e7ou a trabalhar como secret\u00e1rio municipal de Ci\u00eancia, Tecnologia e Informa\u00e7\u00e3o de Niter\u00f3i. A nomea\u00e7\u00e3o foi publicada no Di\u00e1rio Oficial de ter\u00e7a-feira (6).<\/p>\n<p style=\"text-align: justify;\">Caio \u00e9 ligado ao grupo do prefeito de Niter\u00f3i Axel Grael, comandado pelo ex-prefeito Rodrigo Neves.<\/p>\n<p style=\"text-align: justify;\">A vaga de Caio \u00e9 indica\u00e7\u00e3o do PDT estadual.<\/p>\n<p>Bom trabalho.<\/p>\n","protected":false},"excerpt":{"rendered":"<p>O candidato derrotado nas elei\u00e7\u00f5es municipais de Campos, Caio Vianna, come\u00e7ou a trabalhar como secret\u00e1rio municipal de Ci\u00eancia, Tecnologia e&#8230;<\/p>\n","protected":false},"author":2,"featured_media":2597,"comment_status":"open","ping_status":"open","sticky":false,"template":"","format":"standard","meta":{"colormag_page_container_layout":"default_layout","colormag_page_sidebar_layout":"default_layout","jetpack_post_was_ever_published":false,"_jetpack_newsletter_access":"","_jetpack_dont_email_post_to_subs":false,"_jetpack_newsletter_tier_id":0,"_jetpack_memberships_contains_paywalled_content":false,"_jetpack_memberships_contains_paid_content":false,"footnotes":""},"categories":[2],"tags":[],"class_list":["post-6595","post","type-post","status-publish","format-standard","has-post-thumbnail","hentry","category-politica"],"jetpack_featured_media_url":"https:\/\/www.tribunanf.com.br\/blogdoralfereis\/wp-content\/uploads\/sites\/11\/2019\/08\/caio-1.jpg","jetpack_sharing_enabled":true,"_links":{"self":[{"href":"https:\/\/www.tribunanf.com.br\/blogdoralfereis\/wp-json\/wp\/v2\/posts\/6595","targetHints":{"allow":["GET"]}}],"collection":[{"href":"https:\/\/www.tribunanf.com.br\/blogdoralfereis\/wp-json\/wp\/v2\/posts"}],"about":[{"href":"https:\/\/www.tribunanf.com.br\/blogdoralfereis\/wp-json\/wp\/v2\/types\/post"}],"author":[{"embeddable":true,"href":"https:\/\/www.tribunanf.com.br\/blogdoralfereis\/wp-json\/wp\/v2\/users\/2"}],"replies":[{"embeddable":true,"href":"https:\/\/www.tribunanf.com.br\/blogdoralfereis\/wp-json\/wp\/v2\/comments?post=6595"}],"version-history":[{"count":0,"href":"https:\/\/www.tribunanf.com.br\/blogdoralfereis\/wp-json\/wp\/v2\/posts\/6595\/revisions"}],"wp:featuredmedia":[{"embeddable":true,"href":"https:\/\/www.tribunanf.com.br\/blogdoralfereis\/wp-json\/wp\/v2\/media\/2597"}],"wp:attachment":[{"href":"https:\/\/www.tribunanf.com.br\/blogdoralfereis\/wp-json\/wp\/v2\/media?parent=6595"}],"wp:term":[{"taxonomy":"category","embeddable":true,"href":"https:\/\/www.tribunanf.com.br\/blogdoralfereis\/wp-json\/wp\/v2\/categories?post=6595"},{"taxonomy":"post_tag","embeddable":true,"href":"https:\/\/www.tribunanf.com.br\/blogdoralfereis\/wp-json\/wp\/v2\/tags?post=6595"}],"curies":[{"name":"wp","href":"https:\/\/api.w.org\/{rel}","templated":true}]}}