{"id":658,"date":"2018-08-09T22:56:52","date_gmt":"2018-08-10T01:56:52","guid":{"rendered":"http:\/\/www.tribunanf.com.br\/blogdoralfereis\/?p=658"},"modified":"2018-08-09T22:56:52","modified_gmt":"2018-08-10T01:56:52","slug":"nova-pesquisa-para-o-governo-do-rio-de-janeiro","status":"publish","type":"post","link":"https:\/\/www.tribunanf.com.br\/blogdoralfereis\/2018\/08\/09\/nova-pesquisa-para-o-governo-do-rio-de-janeiro\/","title":{"rendered":"Nova pesquisa para o governo do Rio de Janeiro"},"content":{"rendered":"<p><img loading=\"lazy\" decoding=\"async\" class=\"aligncenter size-full wp-image-659\" src=\"http:\/\/www.tribunanf.com.br\/blogdoralfereis\/wp-content\/uploads\/sites\/11\/2018\/08\/candidatos.jpg\" alt=\"\" width=\"1000\" height=\"490\" srcset=\"https:\/\/www.tribunanf.com.br\/blogdoralfereis\/wp-content\/uploads\/sites\/11\/2018\/08\/candidatos.jpg 1000w, https:\/\/www.tribunanf.com.br\/blogdoralfereis\/wp-content\/uploads\/sites\/11\/2018\/08\/candidatos-300x147.jpg 300w, https:\/\/www.tribunanf.com.br\/blogdoralfereis\/wp-content\/uploads\/sites\/11\/2018\/08\/candidatos-768x376.jpg 768w\" sizes=\"auto, (max-width: 1000px) 100vw, 1000px\" \/><\/p>\n<p style=\"text-align: justify;\">Um instituto de pesquisa chamado Real Time Big Data Gest\u00e3o de Dados registrou pesquisa no Tribunal Superior Eleitoral sob o n\u00ba RJ-02317\/2018, para governador e senador do Rio de Janeiro.<\/p>\n<p style=\"text-align: justify;\">O instituto inicia a pesquisa nesta sexta-feira (10) e segue at\u00e9 domingo (12). A divulga\u00e7\u00e3o est\u00e1 prevista para ter\u00e7a-feira (14).<\/p>\n<p>Confira o formul\u00e1rio:\u00a0<a href=\"http:\/\/inter01.tse.jus.br\/pesqele-publico\/app\/pesquisa\/detalhar.xhtml\" target=\"_blank\" rel=\"noopener\">Formul\u00e1rio<\/a><\/p>\n","protected":false},"excerpt":{"rendered":"<p>Um instituto de pesquisa chamado Real Time Big Data Gest\u00e3o de Dados registrou pesquisa no Tribunal Superior Eleitoral sob o&#8230;<\/p>\n","protected":false},"author":2,"featured_media":659,"comment_status":"open","ping_status":"open","sticky":false,"template":"","format":"standard","meta":{"colormag_page_container_layout":"default_layout","colormag_page_sidebar_layout":"default_layout","jetpack_post_was_ever_published":false,"_jetpack_newsletter_access":"","_jetpack_dont_email_post_to_subs":false,"_jetpack_newsletter_tier_id":0,"_jetpack_memberships_contains_paywalled_content":false,"_jetpack_memberships_contains_paid_content":false,"footnotes":""},"categories":[2],"tags":[],"class_list":["post-658","post","type-post","status-publish","format-standard","has-post-thumbnail","hentry","category-politica"],"jetpack_featured_media_url":"https:\/\/www.tribunanf.com.br\/blogdoralfereis\/wp-content\/uploads\/sites\/11\/2018\/08\/candidatos.jpg","jetpack_sharing_enabled":true,"_links":{"self":[{"href":"https:\/\/www.tribunanf.com.br\/blogdoralfereis\/wp-json\/wp\/v2\/posts\/658","targetHints":{"allow":["GET"]}}],"collection":[{"href":"https:\/\/www.tribunanf.com.br\/blogdoralfereis\/wp-json\/wp\/v2\/posts"}],"about":[{"href":"https:\/\/www.tribunanf.com.br\/blogdoralfereis\/wp-json\/wp\/v2\/types\/post"}],"author":[{"embeddable":true,"href":"https:\/\/www.tribunanf.com.br\/blogdoralfereis\/wp-json\/wp\/v2\/users\/2"}],"replies":[{"embeddable":true,"href":"https:\/\/www.tribunanf.com.br\/blogdoralfereis\/wp-json\/wp\/v2\/comments?post=658"}],"version-history":[{"count":0,"href":"https:\/\/www.tribunanf.com.br\/blogdoralfereis\/wp-json\/wp\/v2\/posts\/658\/revisions"}],"wp:featuredmedia":[{"embeddable":true,"href":"https:\/\/www.tribunanf.com.br\/blogdoralfereis\/wp-json\/wp\/v2\/media\/659"}],"wp:attachment":[{"href":"https:\/\/www.tribunanf.com.br\/blogdoralfereis\/wp-json\/wp\/v2\/media?parent=658"}],"wp:term":[{"taxonomy":"category","embeddable":true,"href":"https:\/\/www.tribunanf.com.br\/blogdoralfereis\/wp-json\/wp\/v2\/categories?post=658"},{"taxonomy":"post_tag","embeddable":true,"href":"https:\/\/www.tribunanf.com.br\/blogdoralfereis\/wp-json\/wp\/v2\/tags?post=658"}],"curies":[{"name":"wp","href":"https:\/\/api.w.org\/{rel}","templated":true}]}}