{"id":6550,"date":"2021-03-29T19:56:49","date_gmt":"2021-03-29T22:56:49","guid":{"rendered":"https:\/\/www.tribunanf.com.br\/blogdoralfereis\/?p=6550"},"modified":"2021-03-29T19:56:49","modified_gmt":"2021-03-29T22:56:49","slug":"castrofolia-governador-pede-desculpas-por-ter-realizado-festa-em-itaipava","status":"publish","type":"post","link":"https:\/\/www.tribunanf.com.br\/blogdoralfereis\/2021\/03\/29\/castrofolia-governador-pede-desculpas-por-ter-realizado-festa-em-itaipava\/","title":{"rendered":"&#8216;Castrofolia&#8217;: governador pede desculpas por ter realizado festa em Itaipava"},"content":{"rendered":"<p><img loading=\"lazy\" decoding=\"async\" class=\"aligncenter size-full wp-image-6551\" src=\"https:\/\/www.tribunanf.com.br\/blogdoralfereis\/wp-content\/uploads\/sites\/11\/2021\/03\/castrofesta.jpg\" alt=\"\" width=\"976\" height=\"550\" srcset=\"https:\/\/www.tribunanf.com.br\/blogdoralfereis\/wp-content\/uploads\/sites\/11\/2021\/03\/castrofesta.jpg 976w, https:\/\/www.tribunanf.com.br\/blogdoralfereis\/wp-content\/uploads\/sites\/11\/2021\/03\/castrofesta-300x169.jpg 300w, https:\/\/www.tribunanf.com.br\/blogdoralfereis\/wp-content\/uploads\/sites\/11\/2021\/03\/castrofesta-768x433.jpg 768w\" sizes=\"auto, (max-width: 976px) 100vw, 976px\" \/><\/p>\n<p style=\"text-align: justify;\">O governador em exerc\u00edcio do Rio de Janeiro, Cl\u00e1udio Castro (PSC), divulgou um v\u00eddeo se desculpando por ter realizado um evento em Itaipava, Petr\u00f3polis, na Regi\u00e3o Serrana, no fim de semana. No v\u00eddeo, Castro voltou a dizer que n\u00e3o se tratava de uma festa, mas sim de uma reuni\u00e3o familiar.<\/p>\n<p style=\"text-align: justify;\">&#8220;Foi um almo\u00e7o com os meus familiares, pessoas que j\u00e1 convivem comigo diariamente. Realmente, alguns amigos acabaram aparecendo. E eu queria pedir desculpa, reconhecer o erro e pedir desculpa para toda a popula\u00e7\u00e3o fluminense&#8221;, disse o governador.<\/p>\n<p style=\"text-align: justify;\">&#8220;A gente tem trabalhado muito duro. Hoje mesmo, foi um dia que eu n\u00e3o parei o dia inteiro. Falei com o ministro da Sa\u00fade, com os prefeitos e secret\u00e1rios de Sa\u00fade da regi\u00e3o Sul Fluminense, falei com o nosso secret\u00e1rio de Sa\u00fade. (&#8230;) Porque salvar vidas \u00e9 o nosso grande objetivo. Continuaremos trabalhando dia e noite para abrir leitos e vacinar toda a nossa popula\u00e7\u00e3o&#8221;, acrescentou.<\/p>\n<p style=\"text-align: justify;\"><strong>Relembre: <a href=\"https:\/\/www.tribunanf.com.br\/blogdoralfereis\/2021\/03\/28\/castrofolia-a-festa-de-claudio-castro-governador-do-rio-em-exercicio-tem-12-carros-na-porta-e-celulares-no-armario\/\" target=\"_blank\" rel=\"noopener\">\u2018CastroFolia\u2019: A festa de Cl\u00e1udio Castro, governador do Rio em exerc\u00edcio, tem 12 carros na porta e celulares no arm\u00e1rio<\/a><\/strong><\/p>\n<p style=\"text-align: justify;\">Confira o v\u00eddeo:<\/p>\n<p style=\"text-align: justify;\"><iframe loading=\"lazy\" style=\"border: none; overflow: hidden;\" src=\"https:\/\/www.facebook.com\/plugins\/video.php?height=476&amp;href=https%3A%2F%2Fwww.facebook.com%2FClaudioCastroRJ%2Fvideos%2F4271091502920327%2F&amp;show_text=true&amp;width=380\" width=\"380\" height=\"591\" frameborder=\"0\" scrolling=\"no\" allowfullscreen=\"allowfullscreen\"><\/iframe><\/p>\n","protected":false},"excerpt":{"rendered":"<p>O governador em exerc\u00edcio do Rio de Janeiro, Cl\u00e1udio Castro (PSC), divulgou um v\u00eddeo se desculpando por ter realizado um&#8230;<\/p>\n","protected":false},"author":2,"featured_media":6551,"comment_status":"open","ping_status":"open","sticky":false,"template":"","format":"standard","meta":{"colormag_page_container_layout":"default_layout","colormag_page_sidebar_layout":"default_layout","jetpack_post_was_ever_published":false,"_jetpack_newsletter_access":"","_jetpack_dont_email_post_to_subs":false,"_jetpack_newsletter_tier_id":0,"_jetpack_memberships_contains_paywalled_content":false,"_jetpack_memberships_contains_paid_content":false,"footnotes":""},"categories":[2],"tags":[],"class_list":["post-6550","post","type-post","status-publish","format-standard","has-post-thumbnail","hentry","category-politica"],"jetpack_featured_media_url":"https:\/\/www.tribunanf.com.br\/blogdoralfereis\/wp-content\/uploads\/sites\/11\/2021\/03\/castrofesta.jpg","jetpack_sharing_enabled":true,"_links":{"self":[{"href":"https:\/\/www.tribunanf.com.br\/blogdoralfereis\/wp-json\/wp\/v2\/posts\/6550","targetHints":{"allow":["GET"]}}],"collection":[{"href":"https:\/\/www.tribunanf.com.br\/blogdoralfereis\/wp-json\/wp\/v2\/posts"}],"about":[{"href":"https:\/\/www.tribunanf.com.br\/blogdoralfereis\/wp-json\/wp\/v2\/types\/post"}],"author":[{"embeddable":true,"href":"https:\/\/www.tribunanf.com.br\/blogdoralfereis\/wp-json\/wp\/v2\/users\/2"}],"replies":[{"embeddable":true,"href":"https:\/\/www.tribunanf.com.br\/blogdoralfereis\/wp-json\/wp\/v2\/comments?post=6550"}],"version-history":[{"count":0,"href":"https:\/\/www.tribunanf.com.br\/blogdoralfereis\/wp-json\/wp\/v2\/posts\/6550\/revisions"}],"wp:featuredmedia":[{"embeddable":true,"href":"https:\/\/www.tribunanf.com.br\/blogdoralfereis\/wp-json\/wp\/v2\/media\/6551"}],"wp:attachment":[{"href":"https:\/\/www.tribunanf.com.br\/blogdoralfereis\/wp-json\/wp\/v2\/media?parent=6550"}],"wp:term":[{"taxonomy":"category","embeddable":true,"href":"https:\/\/www.tribunanf.com.br\/blogdoralfereis\/wp-json\/wp\/v2\/categories?post=6550"},{"taxonomy":"post_tag","embeddable":true,"href":"https:\/\/www.tribunanf.com.br\/blogdoralfereis\/wp-json\/wp\/v2\/tags?post=6550"}],"curies":[{"name":"wp","href":"https:\/\/api.w.org\/{rel}","templated":true}]}}