{"id":6548,"date":"2021-03-29T18:32:33","date_gmt":"2021-03-29T21:32:33","guid":{"rendered":"https:\/\/www.tribunanf.com.br\/blogdoralfereis\/?p=6548"},"modified":"2021-03-29T18:32:33","modified_gmt":"2021-03-29T21:32:33","slug":"seeduc-rj-esta-com-as-inscricoes-abertas-para-contratacao-temporaria-de-professores","status":"publish","type":"post","link":"https:\/\/www.tribunanf.com.br\/blogdoralfereis\/2021\/03\/29\/seeduc-rj-esta-com-as-inscricoes-abertas-para-contratacao-temporaria-de-professores\/","title":{"rendered":"Seeduc RJ est\u00e1 com as inscri\u00e7\u00f5es abertas para contrata\u00e7\u00e3o tempor\u00e1ria de professores"},"content":{"rendered":"<p><img loading=\"lazy\" decoding=\"async\" class=\"aligncenter size-full wp-image-4684\" src=\"https:\/\/www.tribunanf.com.br\/blogdoralfereis\/wp-content\/uploads\/sites\/11\/2020\/08\/alunos-escola.jpg\" alt=\"\" width=\"700\" height=\"394\" srcset=\"https:\/\/www.tribunanf.com.br\/blogdoralfereis\/wp-content\/uploads\/sites\/11\/2020\/08\/alunos-escola.jpg 700w, https:\/\/www.tribunanf.com.br\/blogdoralfereis\/wp-content\/uploads\/sites\/11\/2020\/08\/alunos-escola-300x169.jpg 300w\" sizes=\"auto, (max-width: 700px) 100vw, 700px\" \/><\/p>\n<p style=\"text-align: justify;\">A Secretaria de Estado de Educa\u00e7\u00e3o (Seeduc) est\u00e1 com inscri\u00e7\u00f5es abertas, de forma on-line, para a contrata\u00e7\u00e3o tempor\u00e1ria de professores.<\/p>\n<p style=\"text-align: justify;\">Neste momento, os contratos visam suprir car\u00eancias de Professor Docente II na Diretoria Regional Pedag\u00f3gica de Unidades Escolares Prisionais e Socioeducativas (Diesp), e de Professor Docente I na rede p\u00fablica estadual de ensino.<\/p>\n<p style=\"text-align: justify;\">O cadastro deve ser feito no site\u00a0<a href=\"https:\/\/abre.ai\/candidatodocenteficha\" target=\"_blank\" rel=\"noopener\">https:\/\/abre.ai\/candidatodocenteficha<\/a>.<\/p>\n<p style=\"text-align: justify;\">O edital que regulamenta o processo seletivo para a contrata\u00e7\u00e3o tempor\u00e1ria de professores foi publicado nesta sexta-feira, dia 26 de mar\u00e7o. O decreto de autoriza\u00e7\u00e3o da Seeduc para esse procedimento foi publicado no Di\u00e1rio Oficial do \u00faltimo dia 24.<\/p>\n<p style=\"text-align: justify;\">Para ter acesso ao edital e mais informa\u00e7\u00f5es, acesse: seeduc.rj.gov.br\/professor\/contrata\u00e7\u00e3o-tempor\u00e1ria. <a href=\"http:\/\/rj.gov.br\/seeduc.rj.gov.br\/professor\/contrata%C3%A7%C3%A3o-tempor%C3%A1ria\" target=\"_blank\" rel=\"noopener\">seeduc.rj.gov.br\/professor\/contrata\u00e7\u00e3o-tempor\u00e1ria<\/a>.<\/p>\n<p style=\"text-align: justify;\">Fonte: Ascom<\/p>\n","protected":false},"excerpt":{"rendered":"<p>A Secretaria de Estado de Educa\u00e7\u00e3o (Seeduc) est\u00e1 com inscri\u00e7\u00f5es abertas, de forma on-line, para a contrata\u00e7\u00e3o tempor\u00e1ria de professores&#8230;.<\/p>\n","protected":false},"author":2,"featured_media":4684,"comment_status":"open","ping_status":"open","sticky":false,"template":"","format":"standard","meta":{"colormag_page_container_layout":"default_layout","colormag_page_sidebar_layout":"default_layout","jetpack_post_was_ever_published":false,"_jetpack_newsletter_access":"","_jetpack_dont_email_post_to_subs":false,"_jetpack_newsletter_tier_id":0,"_jetpack_memberships_contains_paywalled_content":false,"_jetpack_memberships_contains_paid_content":false,"footnotes":""},"categories":[2],"tags":[],"class_list":["post-6548","post","type-post","status-publish","format-standard","has-post-thumbnail","hentry","category-politica"],"jetpack_featured_media_url":"https:\/\/www.tribunanf.com.br\/blogdoralfereis\/wp-content\/uploads\/sites\/11\/2020\/08\/alunos-escola.jpg","jetpack_sharing_enabled":true,"_links":{"self":[{"href":"https:\/\/www.tribunanf.com.br\/blogdoralfereis\/wp-json\/wp\/v2\/posts\/6548","targetHints":{"allow":["GET"]}}],"collection":[{"href":"https:\/\/www.tribunanf.com.br\/blogdoralfereis\/wp-json\/wp\/v2\/posts"}],"about":[{"href":"https:\/\/www.tribunanf.com.br\/blogdoralfereis\/wp-json\/wp\/v2\/types\/post"}],"author":[{"embeddable":true,"href":"https:\/\/www.tribunanf.com.br\/blogdoralfereis\/wp-json\/wp\/v2\/users\/2"}],"replies":[{"embeddable":true,"href":"https:\/\/www.tribunanf.com.br\/blogdoralfereis\/wp-json\/wp\/v2\/comments?post=6548"}],"version-history":[{"count":0,"href":"https:\/\/www.tribunanf.com.br\/blogdoralfereis\/wp-json\/wp\/v2\/posts\/6548\/revisions"}],"wp:featuredmedia":[{"embeddable":true,"href":"https:\/\/www.tribunanf.com.br\/blogdoralfereis\/wp-json\/wp\/v2\/media\/4684"}],"wp:attachment":[{"href":"https:\/\/www.tribunanf.com.br\/blogdoralfereis\/wp-json\/wp\/v2\/media?parent=6548"}],"wp:term":[{"taxonomy":"category","embeddable":true,"href":"https:\/\/www.tribunanf.com.br\/blogdoralfereis\/wp-json\/wp\/v2\/categories?post=6548"},{"taxonomy":"post_tag","embeddable":true,"href":"https:\/\/www.tribunanf.com.br\/blogdoralfereis\/wp-json\/wp\/v2\/tags?post=6548"}],"curies":[{"name":"wp","href":"https:\/\/api.w.org\/{rel}","templated":true}]}}