{"id":6546,"date":"2021-03-28T21:15:28","date_gmt":"2021-03-29T00:15:28","guid":{"rendered":"https:\/\/www.tribunanf.com.br\/blogdoralfereis\/?p=6546"},"modified":"2021-03-28T21:15:28","modified_gmt":"2021-03-29T00:15:28","slug":"castrofolia-a-festa-de-claudio-castro-governador-do-rio-em-exercicio-tem-12-carros-na-porta-e-celulares-no-armario","status":"publish","type":"post","link":"https:\/\/www.tribunanf.com.br\/blogdoralfereis\/2021\/03\/28\/castrofolia-a-festa-de-claudio-castro-governador-do-rio-em-exercicio-tem-12-carros-na-porta-e-celulares-no-armario\/","title":{"rendered":"&#8216;CastroFolia&#8217;: A festa de Cl\u00e1udio Castro, governador do Rio em exerc\u00edcio, tem 12 carros na porta e celulares no arm\u00e1rio"},"content":{"rendered":"<p><img loading=\"lazy\" decoding=\"async\" class=\"aligncenter size-large wp-image-4901\" src=\"https:\/\/www.tribunanf.com.br\/blogdoralfereis\/wp-content\/uploads\/sites\/11\/2020\/09\/claudio-castro-2-1024x615.jpg\" alt=\"\" width=\"800\" height=\"480\" srcset=\"https:\/\/www.tribunanf.com.br\/blogdoralfereis\/wp-content\/uploads\/sites\/11\/2020\/09\/claudio-castro-2-1024x615.jpg 1024w, https:\/\/www.tribunanf.com.br\/blogdoralfereis\/wp-content\/uploads\/sites\/11\/2020\/09\/claudio-castro-2-300x180.jpg 300w, https:\/\/www.tribunanf.com.br\/blogdoralfereis\/wp-content\/uploads\/sites\/11\/2020\/09\/claudio-castro-2-768x461.jpg 768w, https:\/\/www.tribunanf.com.br\/blogdoralfereis\/wp-content\/uploads\/sites\/11\/2020\/09\/claudio-castro-2.jpg 1086w\" sizes=\"auto, (max-width: 800px) 100vw, 800px\" \/><\/p>\n<p style=\"text-align: justify;\">A festa de anivers\u00e1rio do governador em exerc\u00edcio, Cl\u00e1udio Castro, est\u00e1 rolando desde meio-dia em um condom\u00ednio de Itaipava. S\u00e3o 12 carros na porta. Os convidados tiveram que deixar o celular em um arm\u00e1rio e s\u00f3 pegar o aparelho na sa\u00edda, informa a Coluna de Ancelmo Gois, de O Globo.<\/p>\n","protected":false},"excerpt":{"rendered":"<p>A festa de anivers\u00e1rio do governador em exerc\u00edcio, Cl\u00e1udio Castro, est\u00e1 rolando desde meio-dia em um condom\u00ednio de Itaipava. S\u00e3o&#8230;<\/p>\n","protected":false},"author":2,"featured_media":4901,"comment_status":"open","ping_status":"open","sticky":false,"template":"","format":"standard","meta":{"colormag_page_container_layout":"default_layout","colormag_page_sidebar_layout":"default_layout","jetpack_post_was_ever_published":false,"_jetpack_newsletter_access":"","_jetpack_dont_email_post_to_subs":false,"_jetpack_newsletter_tier_id":0,"_jetpack_memberships_contains_paywalled_content":false,"_jetpack_memberships_contains_paid_content":false,"footnotes":""},"categories":[2],"tags":[],"class_list":["post-6546","post","type-post","status-publish","format-standard","has-post-thumbnail","hentry","category-politica"],"jetpack_featured_media_url":"https:\/\/www.tribunanf.com.br\/blogdoralfereis\/wp-content\/uploads\/sites\/11\/2020\/09\/claudio-castro-2.jpg","jetpack_sharing_enabled":true,"_links":{"self":[{"href":"https:\/\/www.tribunanf.com.br\/blogdoralfereis\/wp-json\/wp\/v2\/posts\/6546","targetHints":{"allow":["GET"]}}],"collection":[{"href":"https:\/\/www.tribunanf.com.br\/blogdoralfereis\/wp-json\/wp\/v2\/posts"}],"about":[{"href":"https:\/\/www.tribunanf.com.br\/blogdoralfereis\/wp-json\/wp\/v2\/types\/post"}],"author":[{"embeddable":true,"href":"https:\/\/www.tribunanf.com.br\/blogdoralfereis\/wp-json\/wp\/v2\/users\/2"}],"replies":[{"embeddable":true,"href":"https:\/\/www.tribunanf.com.br\/blogdoralfereis\/wp-json\/wp\/v2\/comments?post=6546"}],"version-history":[{"count":0,"href":"https:\/\/www.tribunanf.com.br\/blogdoralfereis\/wp-json\/wp\/v2\/posts\/6546\/revisions"}],"wp:featuredmedia":[{"embeddable":true,"href":"https:\/\/www.tribunanf.com.br\/blogdoralfereis\/wp-json\/wp\/v2\/media\/4901"}],"wp:attachment":[{"href":"https:\/\/www.tribunanf.com.br\/blogdoralfereis\/wp-json\/wp\/v2\/media?parent=6546"}],"wp:term":[{"taxonomy":"category","embeddable":true,"href":"https:\/\/www.tribunanf.com.br\/blogdoralfereis\/wp-json\/wp\/v2\/categories?post=6546"},{"taxonomy":"post_tag","embeddable":true,"href":"https:\/\/www.tribunanf.com.br\/blogdoralfereis\/wp-json\/wp\/v2\/tags?post=6546"}],"curies":[{"name":"wp","href":"https:\/\/api.w.org\/{rel}","templated":true}]}}