{"id":6542,"date":"2021-03-25T15:20:53","date_gmt":"2021-03-25T18:20:53","guid":{"rendered":"https:\/\/www.tribunanf.com.br\/blogdoralfereis\/?p=6542"},"modified":"2021-03-25T15:20:53","modified_gmt":"2021-03-25T18:20:53","slug":"wladimir-quem-for-identificado-forjando-documentos-para-ser-vacinado-fora-dos-parametros-tera-seus-nomes-encaminhamos-para-o-mp","status":"publish","type":"post","link":"https:\/\/www.tribunanf.com.br\/blogdoralfereis\/2021\/03\/25\/wladimir-quem-for-identificado-forjando-documentos-para-ser-vacinado-fora-dos-parametros-tera-seus-nomes-encaminhamos-para-o-mp\/","title":{"rendered":"Wladimir: &#8216;Quem for identificado forjando documentos para ser vacinado fora dos par\u00e2metros, ter\u00e1 seus nomes encaminhamos para o MP&#8217;"},"content":{"rendered":"<p><img loading=\"lazy\" decoding=\"async\" class=\"aligncenter size-full wp-image-5849\" src=\"https:\/\/www.tribunanf.com.br\/blogdoralfereis\/wp-content\/uploads\/sites\/11\/2021\/01\/wlad-e1609931887607.jpg\" alt=\"\" width=\"600\" height=\"600\" \/><\/p>\n<p style=\"text-align: justify;\">O prefeito de Campos, Wladimir Garotinho, informou nas redes sociais que caso algu\u00e9m seja identificado forjando documentos ou autoriza\u00e7\u00f5es para receber a vacina contra \u00e0 Codid-19, ter\u00e1 o nome encaminhado para o Minist\u00e9rio P\u00fablico, onde a pessoa poder\u00e1 responder por falsidade material ou ideol\u00f3gica.<\/p>\n<p style=\"text-align: justify;\">&#8220;N\u00e3o tenho compromisso com o erro. Quem for identificado forjando documentos ou autoriza\u00e7\u00f5es para ser vacinado fora dos par\u00e2metros, ter\u00e1 seus nomes encaminhamos para o Minist\u00e9rio P\u00fablico e responder\u00e1 por crime de falsidade (material ou ideol\u00f3gica).&#8221;, disse Wladimir.<\/p>\n<blockquote class=\"twitter-tweet\">\n<p dir=\"ltr\" lang=\"pt\">N\u00e3o tenho compromisso com o erro. Quem for identificado forjando documentos ou autoriza\u00e7\u00f5es para ser vacinado fora dos par\u00e2metros, ter\u00e1 seus nomes encaminhamos para o Minist\u00e9rio P\u00fablico e responder\u00e1 por crime de falsidade (material ou ideol\u00f3gica).<\/p>\n<p>\u2014 Wladimir Garotinho (@WladGarotinho) <a href=\"https:\/\/twitter.com\/WladGarotinho\/status\/1375125998891642883?ref_src=twsrc%5Etfw\" target=\"_blank\" rel=\"noopener\">March 25, 2021<\/a><\/p><\/blockquote>\n<p><script async src=\"https:\/\/platform.twitter.com\/widgets.js\" charset=\"utf-8\"><\/script><\/p>\n","protected":false},"excerpt":{"rendered":"<p>O prefeito de Campos, Wladimir Garotinho, informou nas redes sociais que caso algu\u00e9m seja identificado forjando documentos ou autoriza\u00e7\u00f5es para&#8230;<\/p>\n","protected":false},"author":2,"featured_media":5849,"comment_status":"open","ping_status":"open","sticky":false,"template":"","format":"standard","meta":{"colormag_page_container_layout":"default_layout","colormag_page_sidebar_layout":"default_layout","jetpack_post_was_ever_published":false,"_jetpack_newsletter_access":"","_jetpack_dont_email_post_to_subs":false,"_jetpack_newsletter_tier_id":0,"_jetpack_memberships_contains_paywalled_content":false,"_jetpack_memberships_contains_paid_content":false,"footnotes":""},"categories":[2],"tags":[],"class_list":["post-6542","post","type-post","status-publish","format-standard","has-post-thumbnail","hentry","category-politica"],"jetpack_featured_media_url":"https:\/\/www.tribunanf.com.br\/blogdoralfereis\/wp-content\/uploads\/sites\/11\/2021\/01\/wlad-e1609931887607.jpg","jetpack_sharing_enabled":true,"_links":{"self":[{"href":"https:\/\/www.tribunanf.com.br\/blogdoralfereis\/wp-json\/wp\/v2\/posts\/6542","targetHints":{"allow":["GET"]}}],"collection":[{"href":"https:\/\/www.tribunanf.com.br\/blogdoralfereis\/wp-json\/wp\/v2\/posts"}],"about":[{"href":"https:\/\/www.tribunanf.com.br\/blogdoralfereis\/wp-json\/wp\/v2\/types\/post"}],"author":[{"embeddable":true,"href":"https:\/\/www.tribunanf.com.br\/blogdoralfereis\/wp-json\/wp\/v2\/users\/2"}],"replies":[{"embeddable":true,"href":"https:\/\/www.tribunanf.com.br\/blogdoralfereis\/wp-json\/wp\/v2\/comments?post=6542"}],"version-history":[{"count":0,"href":"https:\/\/www.tribunanf.com.br\/blogdoralfereis\/wp-json\/wp\/v2\/posts\/6542\/revisions"}],"wp:featuredmedia":[{"embeddable":true,"href":"https:\/\/www.tribunanf.com.br\/blogdoralfereis\/wp-json\/wp\/v2\/media\/5849"}],"wp:attachment":[{"href":"https:\/\/www.tribunanf.com.br\/blogdoralfereis\/wp-json\/wp\/v2\/media?parent=6542"}],"wp:term":[{"taxonomy":"category","embeddable":true,"href":"https:\/\/www.tribunanf.com.br\/blogdoralfereis\/wp-json\/wp\/v2\/categories?post=6542"},{"taxonomy":"post_tag","embeddable":true,"href":"https:\/\/www.tribunanf.com.br\/blogdoralfereis\/wp-json\/wp\/v2\/tags?post=6542"}],"curies":[{"name":"wp","href":"https:\/\/api.w.org\/{rel}","templated":true}]}}