{"id":6538,"date":"2021-03-24T16:15:28","date_gmt":"2021-03-24T19:15:28","guid":{"rendered":"https:\/\/www.tribunanf.com.br\/blogdoralfereis\/?p=6538"},"modified":"2021-03-24T16:15:28","modified_gmt":"2021-03-24T19:15:28","slug":"juiz-marcelo-bretas-se-declara-suspeito-para-julgar-investigados-no-esquema-witzel","status":"publish","type":"post","link":"https:\/\/www.tribunanf.com.br\/blogdoralfereis\/2021\/03\/24\/juiz-marcelo-bretas-se-declara-suspeito-para-julgar-investigados-no-esquema-witzel\/","title":{"rendered":"Juiz Marcelo Bretas se declara suspeito para julgar investigados no esquema Witzel"},"content":{"rendered":"<p><img loading=\"lazy\" decoding=\"async\" class=\"aligncenter size-full wp-image-3317\" src=\"https:\/\/www.tribunanf.com.br\/blogdoralfereis\/wp-content\/uploads\/sites\/11\/2020\/02\/bretas.jpeg\" alt=\"\" width=\"635\" height=\"445\" srcset=\"https:\/\/www.tribunanf.com.br\/blogdoralfereis\/wp-content\/uploads\/sites\/11\/2020\/02\/bretas.jpeg 635w, https:\/\/www.tribunanf.com.br\/blogdoralfereis\/wp-content\/uploads\/sites\/11\/2020\/02\/bretas-300x210.jpeg 300w, https:\/\/www.tribunanf.com.br\/blogdoralfereis\/wp-content\/uploads\/sites\/11\/2020\/02\/bretas-130x90.jpeg 130w\" sizes=\"auto, (max-width: 635px) 100vw, 635px\" \/><\/p>\n<p style=\"text-align: justify;\">O juiz Marcelo Bretas, da 7\u00aa Vara Federal Criminal do Rio, declarou-se suspeito para atuar na a\u00e7\u00e3o que trata do suposto esquema de corrup\u00e7\u00e3o investigado pela PGR no governo de Wilson Witzel durante a pandemia.<\/p>\n<p style=\"text-align: justify;\">Witzel \u00e9 investigado no STJ e segue afastado do cargo de governador, mas outros oito denunciados sem foro, como a primeira-dama Helena Witzel \u2014 os investigados Lucas Trist\u00e3o, M\u00e1rio Peixoto, Alessandro Duarte, entre outros \u2013, tiveram os processos remetidos ao gabinete de Bretas.<\/p>\n<p style=\"text-align: justify;\">\u201cEmbora os autos tenham sido inicialmente remetidos \u00e0 Justi\u00e7a Estadual do Rio, a Corte reconheceu a compet\u00eancia deste ju\u00edzo da 7\u00aa Vara Federal Criminal do Rio de Janeiro. Todavia, por raz\u00f5es de foro \u00edntimo, considerando minha rela\u00e7\u00e3o pessoal com uma das partes at\u00e9 o ano de 2019, declaro-me suspeito para atuar neste feito e no correlato. Assim fa\u00e7o para que n\u00e3o pairem d\u00favidas acerca da isen\u00e7\u00e3o da jurisdi\u00e7\u00e3o prestada por esta Justi\u00e7a Federal\u201d, decidiu Bretas.<\/p>\n","protected":false},"excerpt":{"rendered":"<p>O juiz Marcelo Bretas, da 7\u00aa Vara Federal Criminal do Rio, declarou-se suspeito para atuar na a\u00e7\u00e3o que trata do&#8230;<\/p>\n","protected":false},"author":2,"featured_media":3317,"comment_status":"open","ping_status":"open","sticky":false,"template":"","format":"standard","meta":{"colormag_page_container_layout":"default_layout","colormag_page_sidebar_layout":"default_layout","jetpack_post_was_ever_published":false,"_jetpack_newsletter_access":"","_jetpack_dont_email_post_to_subs":false,"_jetpack_newsletter_tier_id":0,"_jetpack_memberships_contains_paywalled_content":false,"_jetpack_memberships_contains_paid_content":false,"footnotes":""},"categories":[2],"tags":[],"class_list":["post-6538","post","type-post","status-publish","format-standard","has-post-thumbnail","hentry","category-politica"],"jetpack_featured_media_url":"https:\/\/www.tribunanf.com.br\/blogdoralfereis\/wp-content\/uploads\/sites\/11\/2020\/02\/bretas.jpeg","jetpack_sharing_enabled":true,"_links":{"self":[{"href":"https:\/\/www.tribunanf.com.br\/blogdoralfereis\/wp-json\/wp\/v2\/posts\/6538","targetHints":{"allow":["GET"]}}],"collection":[{"href":"https:\/\/www.tribunanf.com.br\/blogdoralfereis\/wp-json\/wp\/v2\/posts"}],"about":[{"href":"https:\/\/www.tribunanf.com.br\/blogdoralfereis\/wp-json\/wp\/v2\/types\/post"}],"author":[{"embeddable":true,"href":"https:\/\/www.tribunanf.com.br\/blogdoralfereis\/wp-json\/wp\/v2\/users\/2"}],"replies":[{"embeddable":true,"href":"https:\/\/www.tribunanf.com.br\/blogdoralfereis\/wp-json\/wp\/v2\/comments?post=6538"}],"version-history":[{"count":0,"href":"https:\/\/www.tribunanf.com.br\/blogdoralfereis\/wp-json\/wp\/v2\/posts\/6538\/revisions"}],"wp:featuredmedia":[{"embeddable":true,"href":"https:\/\/www.tribunanf.com.br\/blogdoralfereis\/wp-json\/wp\/v2\/media\/3317"}],"wp:attachment":[{"href":"https:\/\/www.tribunanf.com.br\/blogdoralfereis\/wp-json\/wp\/v2\/media?parent=6538"}],"wp:term":[{"taxonomy":"category","embeddable":true,"href":"https:\/\/www.tribunanf.com.br\/blogdoralfereis\/wp-json\/wp\/v2\/categories?post=6538"},{"taxonomy":"post_tag","embeddable":true,"href":"https:\/\/www.tribunanf.com.br\/blogdoralfereis\/wp-json\/wp\/v2\/tags?post=6538"}],"curies":[{"name":"wp","href":"https:\/\/api.w.org\/{rel}","templated":true}]}}