{"id":6534,"date":"2021-03-24T11:30:05","date_gmt":"2021-03-24T14:30:05","guid":{"rendered":"https:\/\/www.tribunanf.com.br\/blogdoralfereis\/?p=6534"},"modified":"2021-03-24T11:30:05","modified_gmt":"2021-03-24T14:30:05","slug":"prefeito-wladimir-garotinho-determina-contingenciamento-de-30-de-despesas-no-governo","status":"publish","type":"post","link":"https:\/\/www.tribunanf.com.br\/blogdoralfereis\/2021\/03\/24\/prefeito-wladimir-garotinho-determina-contingenciamento-de-30-de-despesas-no-governo\/","title":{"rendered":"Prefeito Wladimir Garotinho determina contingenciamento de 30% de despesas no governo"},"content":{"rendered":"<p><img loading=\"lazy\" decoding=\"async\" class=\"aligncenter size-full wp-image-5849\" src=\"https:\/\/www.tribunanf.com.br\/blogdoralfereis\/wp-content\/uploads\/sites\/11\/2021\/01\/wlad-e1609931887607.jpg\" alt=\"\" width=\"600\" height=\"600\" \/><\/p>\n<p style=\"text-align: justify;\">A Prefeito de Campos, Wladimir Garotinho, publicou no Di\u00e1rio Oficial desta quarta-feira (24) o decreto n\u00ba 095\/2021, que determina contingenciamento de 30% das despesas dos \u00f3rg\u00e3os municipais. A crise potencializada pela pandemia da Covid-19 e as d\u00edvidas j\u00e1 encontradas foram as causas apontadas no decreto. O decreto j\u00e1 est\u00e1 vigorando.<\/p>\n<p>Confira:<\/p>\n<p><img loading=\"lazy\" decoding=\"async\" class=\"aligncenter size-full wp-image-6535\" src=\"https:\/\/www.tribunanf.com.br\/blogdoralfereis\/wp-content\/uploads\/sites\/11\/2021\/03\/df1911b8fc16326999b73f106ab26e23202124031037175351e50a43a8a82e50bc7d5aca214ae8_fotos0.jpg\" alt=\"\" width=\"900\" height=\"675\" srcset=\"https:\/\/www.tribunanf.com.br\/blogdoralfereis\/wp-content\/uploads\/sites\/11\/2021\/03\/df1911b8fc16326999b73f106ab26e23202124031037175351e50a43a8a82e50bc7d5aca214ae8_fotos0.jpg 900w, https:\/\/www.tribunanf.com.br\/blogdoralfereis\/wp-content\/uploads\/sites\/11\/2021\/03\/df1911b8fc16326999b73f106ab26e23202124031037175351e50a43a8a82e50bc7d5aca214ae8_fotos0-300x225.jpg 300w, https:\/\/www.tribunanf.com.br\/blogdoralfereis\/wp-content\/uploads\/sites\/11\/2021\/03\/df1911b8fc16326999b73f106ab26e23202124031037175351e50a43a8a82e50bc7d5aca214ae8_fotos0-768x576.jpg 768w\" sizes=\"auto, (max-width: 900px) 100vw, 900px\" \/><\/p>\n","protected":false},"excerpt":{"rendered":"<p>A Prefeito de Campos, Wladimir Garotinho, publicou no Di\u00e1rio Oficial desta quarta-feira (24) o decreto n\u00ba 095\/2021, que determina contingenciamento&#8230;<\/p>\n","protected":false},"author":2,"featured_media":5849,"comment_status":"open","ping_status":"open","sticky":false,"template":"","format":"standard","meta":{"colormag_page_container_layout":"default_layout","colormag_page_sidebar_layout":"default_layout","jetpack_post_was_ever_published":false,"_jetpack_newsletter_access":"","_jetpack_dont_email_post_to_subs":false,"_jetpack_newsletter_tier_id":0,"_jetpack_memberships_contains_paywalled_content":false,"_jetpack_memberships_contains_paid_content":false,"footnotes":""},"categories":[2],"tags":[],"class_list":["post-6534","post","type-post","status-publish","format-standard","has-post-thumbnail","hentry","category-politica"],"jetpack_featured_media_url":"https:\/\/www.tribunanf.com.br\/blogdoralfereis\/wp-content\/uploads\/sites\/11\/2021\/01\/wlad-e1609931887607.jpg","jetpack_sharing_enabled":true,"_links":{"self":[{"href":"https:\/\/www.tribunanf.com.br\/blogdoralfereis\/wp-json\/wp\/v2\/posts\/6534","targetHints":{"allow":["GET"]}}],"collection":[{"href":"https:\/\/www.tribunanf.com.br\/blogdoralfereis\/wp-json\/wp\/v2\/posts"}],"about":[{"href":"https:\/\/www.tribunanf.com.br\/blogdoralfereis\/wp-json\/wp\/v2\/types\/post"}],"author":[{"embeddable":true,"href":"https:\/\/www.tribunanf.com.br\/blogdoralfereis\/wp-json\/wp\/v2\/users\/2"}],"replies":[{"embeddable":true,"href":"https:\/\/www.tribunanf.com.br\/blogdoralfereis\/wp-json\/wp\/v2\/comments?post=6534"}],"version-history":[{"count":0,"href":"https:\/\/www.tribunanf.com.br\/blogdoralfereis\/wp-json\/wp\/v2\/posts\/6534\/revisions"}],"wp:featuredmedia":[{"embeddable":true,"href":"https:\/\/www.tribunanf.com.br\/blogdoralfereis\/wp-json\/wp\/v2\/media\/5849"}],"wp:attachment":[{"href":"https:\/\/www.tribunanf.com.br\/blogdoralfereis\/wp-json\/wp\/v2\/media?parent=6534"}],"wp:term":[{"taxonomy":"category","embeddable":true,"href":"https:\/\/www.tribunanf.com.br\/blogdoralfereis\/wp-json\/wp\/v2\/categories?post=6534"},{"taxonomy":"post_tag","embeddable":true,"href":"https:\/\/www.tribunanf.com.br\/blogdoralfereis\/wp-json\/wp\/v2\/tags?post=6534"}],"curies":[{"name":"wp","href":"https:\/\/api.w.org\/{rel}","templated":true}]}}