{"id":6525,"date":"2021-03-23T20:05:08","date_gmt":"2021-03-23T23:05:08","guid":{"rendered":"https:\/\/www.tribunanf.com.br\/blogdoralfereis\/?p=6525"},"modified":"2021-03-23T20:10:18","modified_gmt":"2021-03-23T23:10:18","slug":"fachin-mantem-afastamento-de-witzel","status":"publish","type":"post","link":"https:\/\/www.tribunanf.com.br\/blogdoralfereis\/2021\/03\/23\/fachin-mantem-afastamento-de-witzel\/","title":{"rendered":"Fachin mant\u00e9m afastamento de Witzel"},"content":{"rendered":"<p><img loading=\"lazy\" decoding=\"async\" class=\"aligncenter size-large wp-image-4769\" src=\"https:\/\/www.tribunanf.com.br\/blogdoralfereis\/wp-content\/uploads\/sites\/11\/2020\/08\/wilson-witzel-1024x615.jpg\" alt=\"\" width=\"800\" height=\"480\" srcset=\"https:\/\/www.tribunanf.com.br\/blogdoralfereis\/wp-content\/uploads\/sites\/11\/2020\/08\/wilson-witzel-1024x615.jpg 1024w, https:\/\/www.tribunanf.com.br\/blogdoralfereis\/wp-content\/uploads\/sites\/11\/2020\/08\/wilson-witzel-300x180.jpg 300w, https:\/\/www.tribunanf.com.br\/blogdoralfereis\/wp-content\/uploads\/sites\/11\/2020\/08\/wilson-witzel-768x461.jpg 768w, https:\/\/www.tribunanf.com.br\/blogdoralfereis\/wp-content\/uploads\/sites\/11\/2020\/08\/wilson-witzel.jpg 1086w\" sizes=\"auto, (max-width: 800px) 100vw, 800px\" \/><\/p>\n<p style=\"text-align: justify;\">O ministro Edson Fachin, do Supremo Tribunal Federal, negou seguimento a uma A\u00e7\u00e3o Direta de Inconstitucionalidade proposta pelo governador afastado Wilson Witzel, onde pedia para retornar ao cargo.<\/p>\n<p style=\"text-align: justify;\">Witzel alega que o artigo 86 da Constitui\u00e7\u00e3o Federal prev\u00ea prazo m\u00e1ximo de 180 dias de afastamento do presidente da Rep\u00fablica em caso de admiss\u00e3o da acusa\u00e7\u00e3o de crimes de responsabilidade ou comuns, o que tamb\u00e9m \u00e9 seguido pela Constitui\u00e7\u00e3o fluminense com rela\u00e7\u00e3o ao governador.<\/p>\n<p style=\"text-align: justify;\">Por\u00e9m, Fachin entendeu que por estar afastado do cargo, Witzel n\u00e3o tem legitimidade para propor a ADI. O ministro n\u00e3o entrou no m\u00e9rito do pedido.<\/p>\n<p style=\"text-align: justify;\">&#8220;Entendo que a suspens\u00e3o das fun\u00e7\u00f5es significa a neutraliza\u00e7\u00e3o, ainda que tempor\u00e1ria, do liame existente entre \u201ctitular\u201d e \u201ccargo\u201d, o que acarreta a consequ\u00eancia de que as compet\u00eancias, entendidas como conjunto de fun\u00e7\u00f5es do \u00f3rg\u00e3o, tornam-se impass\u00edveis de ativa\u00e7\u00e3o pelo Governador afastado. Logo, o Requerente n\u00e3o se acha legitimado a propor a a\u00e7\u00e3o direta de inconstitucionalidade. Ante o exposto, nos termos do art. 21, \u00a71\u00ba do Regimento Interno do Supremo Tribunal Federal, n\u00e3o conhe\u00e7o da presente a\u00e7\u00e3o direta de inconstitucionalidade, negando-lhe seguimento em virtude da manifesta ilegitimidade ativa ad causam do autor. Publique-se. Intime-se.&#8221;, decidiu o ministro.<\/p>\n<p>Confira \u00e0 \u00edntegra da decis\u00e3o: <a href=\"https:\/\/www.tribunanf.com.br\/blogdoralfereis\/wp-content\/uploads\/sites\/11\/2021\/03\/Decisao-Fachin-Witzel.pdf\">Decis\u00e3o Fachin-Witzel<\/a><\/p>\n","protected":false},"excerpt":{"rendered":"<p>O ministro Edson Fachin, do Supremo Tribunal Federal, negou seguimento a uma A\u00e7\u00e3o Direta de Inconstitucionalidade proposta pelo governador afastado&#8230;<\/p>\n","protected":false},"author":2,"featured_media":4769,"comment_status":"open","ping_status":"open","sticky":false,"template":"","format":"standard","meta":{"colormag_page_container_layout":"default_layout","colormag_page_sidebar_layout":"default_layout","jetpack_post_was_ever_published":false,"_jetpack_newsletter_access":"","_jetpack_dont_email_post_to_subs":false,"_jetpack_newsletter_tier_id":0,"_jetpack_memberships_contains_paywalled_content":false,"_jetpack_memberships_contains_paid_content":false,"footnotes":""},"categories":[2],"tags":[],"class_list":["post-6525","post","type-post","status-publish","format-standard","has-post-thumbnail","hentry","category-politica"],"jetpack_featured_media_url":"https:\/\/www.tribunanf.com.br\/blogdoralfereis\/wp-content\/uploads\/sites\/11\/2020\/08\/wilson-witzel.jpg","jetpack_sharing_enabled":true,"_links":{"self":[{"href":"https:\/\/www.tribunanf.com.br\/blogdoralfereis\/wp-json\/wp\/v2\/posts\/6525","targetHints":{"allow":["GET"]}}],"collection":[{"href":"https:\/\/www.tribunanf.com.br\/blogdoralfereis\/wp-json\/wp\/v2\/posts"}],"about":[{"href":"https:\/\/www.tribunanf.com.br\/blogdoralfereis\/wp-json\/wp\/v2\/types\/post"}],"author":[{"embeddable":true,"href":"https:\/\/www.tribunanf.com.br\/blogdoralfereis\/wp-json\/wp\/v2\/users\/2"}],"replies":[{"embeddable":true,"href":"https:\/\/www.tribunanf.com.br\/blogdoralfereis\/wp-json\/wp\/v2\/comments?post=6525"}],"version-history":[{"count":0,"href":"https:\/\/www.tribunanf.com.br\/blogdoralfereis\/wp-json\/wp\/v2\/posts\/6525\/revisions"}],"wp:featuredmedia":[{"embeddable":true,"href":"https:\/\/www.tribunanf.com.br\/blogdoralfereis\/wp-json\/wp\/v2\/media\/4769"}],"wp:attachment":[{"href":"https:\/\/www.tribunanf.com.br\/blogdoralfereis\/wp-json\/wp\/v2\/media?parent=6525"}],"wp:term":[{"taxonomy":"category","embeddable":true,"href":"https:\/\/www.tribunanf.com.br\/blogdoralfereis\/wp-json\/wp\/v2\/categories?post=6525"},{"taxonomy":"post_tag","embeddable":true,"href":"https:\/\/www.tribunanf.com.br\/blogdoralfereis\/wp-json\/wp\/v2\/tags?post=6525"}],"curies":[{"name":"wp","href":"https:\/\/api.w.org\/{rel}","templated":true}]}}