{"id":6447,"date":"2021-03-16T14:05:00","date_gmt":"2021-03-16T17:05:00","guid":{"rendered":"https:\/\/www.tribunanf.com.br\/blogdoralfereis\/?p=6447"},"modified":"2021-03-16T14:13:52","modified_gmt":"2021-03-16T17:13:52","slug":"voos-da-azul-entre-campos-e-rio-de-janeiro-voltam-em-junho-diz-vice-presidente-da-companhia","status":"publish","type":"post","link":"https:\/\/www.tribunanf.com.br\/blogdoralfereis\/2021\/03\/16\/voos-da-azul-entre-campos-e-rio-de-janeiro-voltam-em-junho-diz-vice-presidente-da-companhia\/","title":{"rendered":"Voos da Azul entre Campos e Rio de Janeiro voltam em junho, diz vice-presidente da companhia"},"content":{"rendered":"<p><img loading=\"lazy\" decoding=\"async\" class=\"aligncenter size-large wp-image-1539\" src=\"https:\/\/www.tribunanf.com.br\/blogdoralfereis\/wp-content\/uploads\/sites\/11\/2019\/02\/azul-1024x683.jpg\" alt=\"\" width=\"800\" height=\"534\" srcset=\"https:\/\/www.tribunanf.com.br\/blogdoralfereis\/wp-content\/uploads\/sites\/11\/2019\/02\/azul.jpg 1024w, https:\/\/www.tribunanf.com.br\/blogdoralfereis\/wp-content\/uploads\/sites\/11\/2019\/02\/azul-300x200.jpg 300w, https:\/\/www.tribunanf.com.br\/blogdoralfereis\/wp-content\/uploads\/sites\/11\/2019\/02\/azul-768x512.jpg 768w\" sizes=\"auto, (max-width: 800px) 100vw, 800px\" \/><\/p>\n<p style=\"text-align: justify;\">Interrompidos a partir desta ter\u00e7a-feira (16\/03), os voos regulares entre Campos dos Goytacazes e Rio de Janeiro devem ser retomados em junho deste ano. A previs\u00e3o foi dada pelo vice-presidente de Rela\u00e7\u00f5es Institucionais e Governamentais da Azul, Fabio Campos, durante uma audi\u00eancia virtual realizada a pedido da deputada federal Clarissa Garotinho (PROS) na manh\u00e3 de hoje. A Azul \u00e9 a \u00fanica companhia com essa rota regular.<\/p>\n<p style=\"text-align: justify;\">A audi\u00eancia, solicitada h\u00e1 algumas semanas para tentar abrir uma negocia\u00e7\u00e3o com a empresa, teve a participa\u00e7\u00e3o tamb\u00e9m do secret\u00e1rio municipal de Desenvolvimento Econ\u00f4mico de Campos dos Goytacazes, Marcelo M\u00e9rida, e do assessor da deputada Thiago Ferrugem. Durante a reuni\u00e3o, o representante da Azul alegou que os motivos para a interrup\u00e7\u00e3o s\u00e3o os efeitos da segunda onda da pandemia de coronav\u00edrus, que impactaram o projeto de expans\u00e3o da empresa, e o aumento expressivo do d\u00f3lar e dos combust\u00edveis.<\/p>\n<p style=\"text-align: justify;\">&#8220;N\u00e3o vamos tirar Campos da nossa malha, mas, neste momento, temos de olhar a malha como um todo e reduzir nossas opera\u00e7\u00f5es para, no segundo semestre, voltarmos a crescer&#8221;, disse Fabio Campos, garantindo que Campos dos Goytacazes continua sendo um munic\u00edpio priorit\u00e1rio para a Azul.<\/p>\n<p style=\"text-align: justify;\">Fabio Campos explicou que, antes da pandemia, a empresa operava nacionalmente com mil voos di\u00e1rios . Na primeira fase cr\u00edtica, passou a ter 70. No segundo semestre de 2020, devido a algumas opera\u00e7\u00f5es financeiras, a empresa se capitalizou e voltou a operar com 700 voos di\u00e1rios, mas, devido ao agravamento da Covid e \u00e0 alta do d\u00f3lar e dos combust\u00edveis, teve de reduzir ou suspender voos em todos os trechos que opera. Hoje, s\u00e3o ao todo 400 voos di\u00e1rios.<\/p>\n<p style=\"text-align: justify;\">Clarissa e os representantes da prefeitura presentes \u00e0 audi\u00eancia se mostraram satisfeitos com a promessa da companhia sobre o retorno da opera\u00e7\u00e3o. Fabio Campos explicou ainda que a redu\u00e7\u00e3o foi feita em outros munic\u00edpios, seguindo a seguinte regra: em cidades em que a companhia operava com cinco ou seis voos di\u00e1rios, houve redu\u00e7\u00e3o para apenas um voo di\u00e1rio; e em outras, como Campos (dois voos di\u00e1rios), em que a opera\u00e7\u00e3o era de menos de cinco, houve suspens\u00e3o completa por ora.<\/p>\n<p style=\"text-align: justify;\">\u201cEsta audi\u00eancia foi para tentar entender os motivos da empresa e para vermos se algo poderia ser feito que evitasse essa suspens\u00e3o tempor\u00e1ria. A empresa apresentou suas alega\u00e7\u00f5es, diretamente relacionadas \u00e0 grave crise sanit\u00e1ria por que passamos. Ficamos aliviados em saber que Campos continuar\u00e1 sendo uma prioridade para a Azul, e quero colocar nosso gabinete em Bras\u00edlia \u00e0 disposi\u00e7\u00e3o da empresa para ajud\u00e1-la no que for preciso para que essa opera\u00e7\u00e3o volte o mais r\u00e1pido poss\u00edvel\u201d, disse Clarissa.<\/p>\n<p style=\"text-align: justify;\">O secret\u00e1rio municipal Marcelo M\u00e9rida falou da import\u00e2ncia dessa opera\u00e7\u00e3o n\u00e3o s\u00f3 para o Poder P\u00fablico da cidade de Campos mas tamb\u00e9m para os empres\u00e1rios que operam na Bacia de Campos e no Porto do A\u00e7u. A prova disso, segundo ele, \u00e9 que nesta ter\u00e7a-feira, \u00e0s 8h30 da manh\u00e3, o voo s\u00f3 tinha seis assentos dispon\u00edveis.<\/p>\n<p style=\"text-align: justify;\">&#8220;A prefeitura monitorou os voos da Azul na \u00faltima semana, e todos tiveram cerca de 90% de ocupa\u00e7\u00e3o. Ent\u00e3o, existe, sim, uma demanda alta. Por isso, vamos aguardar com bastante expectativa a volta das opera\u00e7\u00f5es a partir de junho&#8221;, disse M\u00e9rida.<\/p>\n","protected":false},"excerpt":{"rendered":"<p>Interrompidos a partir desta ter\u00e7a-feira (16\/03), os voos regulares entre Campos dos Goytacazes e Rio de Janeiro devem ser retomados&#8230;<\/p>\n","protected":false},"author":2,"featured_media":1539,"comment_status":"open","ping_status":"open","sticky":false,"template":"","format":"standard","meta":{"colormag_page_container_layout":"default_layout","colormag_page_sidebar_layout":"default_layout","jetpack_post_was_ever_published":false,"_jetpack_newsletter_access":"","_jetpack_dont_email_post_to_subs":false,"_jetpack_newsletter_tier_id":0,"_jetpack_memberships_contains_paywalled_content":false,"_jetpack_memberships_contains_paid_content":false,"footnotes":""},"categories":[2],"tags":[],"class_list":["post-6447","post","type-post","status-publish","format-standard","has-post-thumbnail","hentry","category-politica"],"jetpack_featured_media_url":"https:\/\/www.tribunanf.com.br\/blogdoralfereis\/wp-content\/uploads\/sites\/11\/2019\/02\/azul.jpg","jetpack_sharing_enabled":true,"_links":{"self":[{"href":"https:\/\/www.tribunanf.com.br\/blogdoralfereis\/wp-json\/wp\/v2\/posts\/6447","targetHints":{"allow":["GET"]}}],"collection":[{"href":"https:\/\/www.tribunanf.com.br\/blogdoralfereis\/wp-json\/wp\/v2\/posts"}],"about":[{"href":"https:\/\/www.tribunanf.com.br\/blogdoralfereis\/wp-json\/wp\/v2\/types\/post"}],"author":[{"embeddable":true,"href":"https:\/\/www.tribunanf.com.br\/blogdoralfereis\/wp-json\/wp\/v2\/users\/2"}],"replies":[{"embeddable":true,"href":"https:\/\/www.tribunanf.com.br\/blogdoralfereis\/wp-json\/wp\/v2\/comments?post=6447"}],"version-history":[{"count":0,"href":"https:\/\/www.tribunanf.com.br\/blogdoralfereis\/wp-json\/wp\/v2\/posts\/6447\/revisions"}],"wp:featuredmedia":[{"embeddable":true,"href":"https:\/\/www.tribunanf.com.br\/blogdoralfereis\/wp-json\/wp\/v2\/media\/1539"}],"wp:attachment":[{"href":"https:\/\/www.tribunanf.com.br\/blogdoralfereis\/wp-json\/wp\/v2\/media?parent=6447"}],"wp:term":[{"taxonomy":"category","embeddable":true,"href":"https:\/\/www.tribunanf.com.br\/blogdoralfereis\/wp-json\/wp\/v2\/categories?post=6447"},{"taxonomy":"post_tag","embeddable":true,"href":"https:\/\/www.tribunanf.com.br\/blogdoralfereis\/wp-json\/wp\/v2\/tags?post=6447"}],"curies":[{"name":"wp","href":"https:\/\/api.w.org\/{rel}","templated":true}]}}