{"id":6445,"date":"2021-03-16T13:54:39","date_gmt":"2021-03-16T16:54:39","guid":{"rendered":"https:\/\/www.tribunanf.com.br\/blogdoralfereis\/?p=6445"},"modified":"2021-03-16T13:54:39","modified_gmt":"2021-03-16T16:54:39","slug":"acao-contra-perda-de-direitos-politicos-por-improbidade-administrativa-ira-direto-ao-plenario-do-stf","status":"publish","type":"post","link":"https:\/\/www.tribunanf.com.br\/blogdoralfereis\/2021\/03\/16\/acao-contra-perda-de-direitos-politicos-por-improbidade-administrativa-ira-direto-ao-plenario-do-stf\/","title":{"rendered":"A\u00e7\u00e3o contra perda de direitos pol\u00edticos por improbidade administrativa ir\u00e1 direto ao Plen\u00e1rio do STF"},"content":{"rendered":"<figure id=\"attachment_5929\" aria-describedby=\"caption-attachment-5929\" style=\"width: 800px\" class=\"wp-caption aligncenter\"><img loading=\"lazy\" decoding=\"async\" class=\"size-large wp-image-5929\" src=\"https:\/\/www.tribunanf.com.br\/blogdoralfereis\/wp-content\/uploads\/sites\/11\/2021\/01\/stf-1024x613.jpg\" alt=\"\" width=\"800\" height=\"479\" \/><figcaption id=\"caption-attachment-5929\" class=\"wp-caption-text\">STF &#8211; Supremo Tribunal Federal<\/figcaption><\/figure>\n<p style=\"text-align: justify;\">O ministro Marco Aur\u00e9lio, do Supremo Tribunal Federal (STF), decidiu levar para julgamento definitivo pelo Plen\u00e1rio a A\u00e7\u00e3o Direta de Inconstitucionalidade (ADI) 6678, ajuizada pelo Partido Socialista Brasileiro (PSB), contra dispositivos da Lei de Improbidade Administrativa (Lei 8.429\/1992) que prev\u00ea a perda de direitos pol\u00edticos do agente p\u00fablico que praticar ato de improbidade. O relator dispensou a an\u00e1lise do pedido de liminar e adotou o rito do artigo 12 da Lei das ADIs (Lei 9.868\/1999).<\/p>\n<p style=\"text-align: justify;\">O PSB pretende que a incid\u00eancia da suspens\u00e3o dos direitos pol\u00edticos prevista no inciso II do artigo 12 da lei se restrinja aos atos dolosos (intencionais) e que seja exclu\u00edda a express\u00e3o \u201csuspens\u00e3o dos direitos pol\u00edticos de tr\u00eas a cinco anos\u201d do inciso III. Segundo argumenta, essa previs\u00e3o \u00e9 desproporcional, pois trata de forma semelhante os casos em que houve a inten\u00e7\u00e3o de cometer o ato de improbidade e os casos em que, por alguma raz\u00e3o, tenha havido mero atraso numa presta\u00e7\u00e3o de contas, por exemplo. A seu ver, a perda dos direitos pol\u00edticos \u00e9 uma &#8220;san\u00e7\u00e3o excepcional\u00edssima&#8221;, somente autorizada nos casos de atos dolosos de improbidade administrativa que configurem les\u00e3o ao er\u00e1rio e enriquecimento il\u00edcito.<\/p>\n<p style=\"text-align: justify;\">A a\u00e7\u00e3o foi distribu\u00edda ao ministro Marco Aur\u00e9lio por preven\u00e7\u00e3o, pois relatou a ADI 4295, julgada improcedente pelo Plen\u00e1rio. Ao adotar o rito abreviado para o julgamento da a\u00e7\u00e3o, o relator pediu manifesta\u00e7\u00e3o da Advocacia-Geral da Uni\u00e3o (AGU) e parecer da Procuradoria-Geral da Rep\u00fablica (PGR).<\/p>\n","protected":false},"excerpt":{"rendered":"<p>O ministro Marco Aur\u00e9lio, do Supremo Tribunal Federal (STF), decidiu levar para julgamento definitivo pelo Plen\u00e1rio a A\u00e7\u00e3o Direta de&#8230;<\/p>\n","protected":false},"author":2,"featured_media":5929,"comment_status":"open","ping_status":"open","sticky":false,"template":"","format":"standard","meta":{"colormag_page_container_layout":"default_layout","colormag_page_sidebar_layout":"default_layout","jetpack_post_was_ever_published":false,"_jetpack_newsletter_access":"","_jetpack_dont_email_post_to_subs":false,"_jetpack_newsletter_tier_id":0,"_jetpack_memberships_contains_paywalled_content":false,"_jetpack_memberships_contains_paid_content":false,"footnotes":""},"categories":[2],"tags":[],"class_list":["post-6445","post","type-post","status-publish","format-standard","has-post-thumbnail","hentry","category-politica"],"jetpack_featured_media_url":"https:\/\/www.tribunanf.com.br\/blogdoralfereis\/wp-content\/uploads\/sites\/11\/2021\/01\/stf-e1610546871358.jpg","jetpack_sharing_enabled":true,"_links":{"self":[{"href":"https:\/\/www.tribunanf.com.br\/blogdoralfereis\/wp-json\/wp\/v2\/posts\/6445","targetHints":{"allow":["GET"]}}],"collection":[{"href":"https:\/\/www.tribunanf.com.br\/blogdoralfereis\/wp-json\/wp\/v2\/posts"}],"about":[{"href":"https:\/\/www.tribunanf.com.br\/blogdoralfereis\/wp-json\/wp\/v2\/types\/post"}],"author":[{"embeddable":true,"href":"https:\/\/www.tribunanf.com.br\/blogdoralfereis\/wp-json\/wp\/v2\/users\/2"}],"replies":[{"embeddable":true,"href":"https:\/\/www.tribunanf.com.br\/blogdoralfereis\/wp-json\/wp\/v2\/comments?post=6445"}],"version-history":[{"count":0,"href":"https:\/\/www.tribunanf.com.br\/blogdoralfereis\/wp-json\/wp\/v2\/posts\/6445\/revisions"}],"wp:featuredmedia":[{"embeddable":true,"href":"https:\/\/www.tribunanf.com.br\/blogdoralfereis\/wp-json\/wp\/v2\/media\/5929"}],"wp:attachment":[{"href":"https:\/\/www.tribunanf.com.br\/blogdoralfereis\/wp-json\/wp\/v2\/media?parent=6445"}],"wp:term":[{"taxonomy":"category","embeddable":true,"href":"https:\/\/www.tribunanf.com.br\/blogdoralfereis\/wp-json\/wp\/v2\/categories?post=6445"},{"taxonomy":"post_tag","embeddable":true,"href":"https:\/\/www.tribunanf.com.br\/blogdoralfereis\/wp-json\/wp\/v2\/tags?post=6445"}],"curies":[{"name":"wp","href":"https:\/\/api.w.org\/{rel}","templated":true}]}}