{"id":6427,"date":"2021-03-15T10:09:22","date_gmt":"2021-03-15T13:09:22","guid":{"rendered":"https:\/\/www.tribunanf.com.br\/blogdoralfereis\/?p=6427"},"modified":"2021-03-15T10:15:00","modified_gmt":"2021-03-15T13:15:00","slug":"wladimir-sanciona-lei-que-preve-multa-para-quem-furar-fila-de-vacinacao-contra-covid-19","status":"publish","type":"post","link":"https:\/\/www.tribunanf.com.br\/blogdoralfereis\/2021\/03\/15\/wladimir-sanciona-lei-que-preve-multa-para-quem-furar-fila-de-vacinacao-contra-covid-19\/","title":{"rendered":"Wladimir sanciona lei que prev\u00ea multa para quem furar fila de vacina\u00e7\u00e3o contra Covid-19"},"content":{"rendered":"<p><img loading=\"lazy\" decoding=\"async\" class=\"aligncenter size-full wp-image-5868\" src=\"https:\/\/www.tribunanf.com.br\/blogdoralfereis\/wp-content\/uploads\/sites\/11\/2021\/01\/wlad-1.jpg\" alt=\"\" width=\"808\" height=\"540\" srcset=\"https:\/\/www.tribunanf.com.br\/blogdoralfereis\/wp-content\/uploads\/sites\/11\/2021\/01\/wlad-1.jpg 808w, https:\/\/www.tribunanf.com.br\/blogdoralfereis\/wp-content\/uploads\/sites\/11\/2021\/01\/wlad-1-300x200.jpg 300w, https:\/\/www.tribunanf.com.br\/blogdoralfereis\/wp-content\/uploads\/sites\/11\/2021\/01\/wlad-1-768x513.jpg 768w\" sizes=\"auto, (max-width: 808px) 100vw, 808px\" \/><\/p>\n<p style=\"text-align: justify;\">O prefeito de Campos, Wladimir Garotinho, sancionou nesta segunda-feira (15) a lei que prev\u00ea multa de R$ 25 mil (200 Uficas) para quem for flagrado furando a fila da prioridade na vacina\u00e7\u00e3o contra a Covid-19 no munic\u00edpio. O projeto, de autoria do vereador Bruno Vianna (PSL), <strong><a href=\"https:\/\/www.tribunanf.com.br\/blogdoralfereis\/2021\/02\/24\/projeto-do-vereador-bruno-vianna-que-preve-multa-de-r-25-mil-para-quem-furar-a-fila-da-vacinacao-e-aprovado\/\">foi aprovado na C\u00e2mara no dia 23 de fevereiro<\/a>.<\/strong><\/p>\n<p style=\"text-align: justify;\">De acordo com a nova lei, em caso de funcion\u00e1rio p\u00fablico ou reincid\u00eancia, a multa ser\u00e1 dobrada. J\u00e1 se um agente pol\u00edtico cometer o ato, o valor ser\u00e1 triplicado.<\/p>\n<p style=\"text-align: justify;\">Ainda segundo o texto, o valor das multas ser\u00e1 investido na compra de novas doses de vacina contra a Covid-19, al\u00e9m na aquisi\u00e7\u00e3o de insumos utilizados no combate \u00e0 pandemia.<\/p>\n<p><img loading=\"lazy\" decoding=\"async\" class=\"aligncenter size-full wp-image-6431\" src=\"https:\/\/www.tribunanf.com.br\/blogdoralfereis\/wp-content\/uploads\/sites\/11\/2021\/03\/DO-15-03-347x360-2.jpg\" alt=\"\" width=\"342\" height=\"359\" srcset=\"https:\/\/www.tribunanf.com.br\/blogdoralfereis\/wp-content\/uploads\/sites\/11\/2021\/03\/DO-15-03-347x360-2.jpg 342w, https:\/\/www.tribunanf.com.br\/blogdoralfereis\/wp-content\/uploads\/sites\/11\/2021\/03\/DO-15-03-347x360-2-286x300.jpg 286w\" sizes=\"auto, (max-width: 342px) 100vw, 342px\" \/><\/p>\n","protected":false},"excerpt":{"rendered":"<p>O prefeito de Campos, Wladimir Garotinho, sancionou nesta segunda-feira (15) a lei que prev\u00ea multa de R$ 25 mil (200&#8230;<\/p>\n","protected":false},"author":2,"featured_media":5868,"comment_status":"open","ping_status":"open","sticky":false,"template":"","format":"standard","meta":{"colormag_page_container_layout":"default_layout","colormag_page_sidebar_layout":"default_layout","jetpack_post_was_ever_published":false,"_jetpack_newsletter_access":"","_jetpack_dont_email_post_to_subs":false,"_jetpack_newsletter_tier_id":0,"_jetpack_memberships_contains_paywalled_content":false,"_jetpack_memberships_contains_paid_content":false,"footnotes":""},"categories":[2],"tags":[],"class_list":["post-6427","post","type-post","status-publish","format-standard","has-post-thumbnail","hentry","category-politica"],"jetpack_featured_media_url":"https:\/\/www.tribunanf.com.br\/blogdoralfereis\/wp-content\/uploads\/sites\/11\/2021\/01\/wlad-1.jpg","jetpack_sharing_enabled":true,"_links":{"self":[{"href":"https:\/\/www.tribunanf.com.br\/blogdoralfereis\/wp-json\/wp\/v2\/posts\/6427","targetHints":{"allow":["GET"]}}],"collection":[{"href":"https:\/\/www.tribunanf.com.br\/blogdoralfereis\/wp-json\/wp\/v2\/posts"}],"about":[{"href":"https:\/\/www.tribunanf.com.br\/blogdoralfereis\/wp-json\/wp\/v2\/types\/post"}],"author":[{"embeddable":true,"href":"https:\/\/www.tribunanf.com.br\/blogdoralfereis\/wp-json\/wp\/v2\/users\/2"}],"replies":[{"embeddable":true,"href":"https:\/\/www.tribunanf.com.br\/blogdoralfereis\/wp-json\/wp\/v2\/comments?post=6427"}],"version-history":[{"count":0,"href":"https:\/\/www.tribunanf.com.br\/blogdoralfereis\/wp-json\/wp\/v2\/posts\/6427\/revisions"}],"wp:featuredmedia":[{"embeddable":true,"href":"https:\/\/www.tribunanf.com.br\/blogdoralfereis\/wp-json\/wp\/v2\/media\/5868"}],"wp:attachment":[{"href":"https:\/\/www.tribunanf.com.br\/blogdoralfereis\/wp-json\/wp\/v2\/media?parent=6427"}],"wp:term":[{"taxonomy":"category","embeddable":true,"href":"https:\/\/www.tribunanf.com.br\/blogdoralfereis\/wp-json\/wp\/v2\/categories?post=6427"},{"taxonomy":"post_tag","embeddable":true,"href":"https:\/\/www.tribunanf.com.br\/blogdoralfereis\/wp-json\/wp\/v2\/tags?post=6427"}],"curies":[{"name":"wp","href":"https:\/\/api.w.org\/{rel}","templated":true}]}}